{"id":11070,"date":"2017-01-01T00:00:00","date_gmt":"2016-12-31T23:00:00","guid":{"rendered":"http:\/\/www.uxban.com\/press\/gonzalo-robles-las-impresoras-3d-seran-un-electrodomestico-mas\/"},"modified":"2020-06-16T14:40:08","modified_gmt":"2020-06-16T12:40:08","slug":"gonzalo-robles-las-impresoras-3d-seran-un-electrodomestico-mas","status":"publish","type":"press","link":"https:\/\/www.uxban.com\/es\/press\/gonzalo-robles-las-impresoras-3d-seran-un-electrodomestico-mas\/","title":{"rendered":"Gonzalo Robles: \u00abLas impresoras 3D ser\u00e1n un electrodom\u00e9stico m\u00e1s\u00bb."},"content":{"rendered":"","protected":false},"featured_media":0,"template":"","medio":[1693],"class_list":["post-11070","press","type-press","status-publish","hentry","medio-computerworld-university"],"acf":{"enlace":"http:\/\/www.computerworlduniversity.es\/entrevistas\/las-impresoras-3d-seran-un-electrodomestico-mas","archivo":"","video":"https:\/\/www.youtube.com\/embed\/jwoQ75OcIrg"},"_links":{"self":[{"href":"https:\/\/www.uxban.com\/es\/wp-json\/wp\/v2\/press\/11070","targetHints":{"allow":["GET"]}}],"collection":[{"href":"https:\/\/www.uxban.com\/es\/wp-json\/wp\/v2\/press"}],"about":[{"href":"https:\/\/www.uxban.com\/es\/wp-json\/wp\/v2\/types\/press"}],"wp:attachment":[{"href":"https:\/\/www.uxban.com\/es\/wp-json\/wp\/v2\/media?parent=11070"}],"wp:term":[{"taxonomy":"medio","embeddable":true,"href":"https:\/\/www.uxban.com\/es\/wp-json\/wp\/v2\/medio?post=11070"}],"curies":[{"name":"wp","href":"https:\/\/api.w.org\/{rel}","templated":true}]}}