{"id":7407,"date":"2016-08-02T20:47:29","date_gmt":"2016-08-02T18:47:29","guid":{"rendered":"http:\/\/uxban.com\/blog\/?p=7407"},"modified":"2019-10-16T14:47:14","modified_gmt":"2019-10-16T12:47:14","slug":"top-ideas-para-disenar-tu-vestidor-perfecto","status":"publish","type":"post","link":"https:\/\/www.uxban.com\/es\/2016\/08\/02\/top-ideas-para-disenar-tu-vestidor-perfecto\/","title":{"rendered":"Top Ideas para Dise\u00f1ar tu Vestidor Perfecto"},"content":{"rendered":"<p>Quiz\u00e1s suena a t\u00f3pico pero apostamos a que un gran n\u00famero de mujeres sue\u00f1an con tener un <strong>vestidor de lujo donde albergar toda la vestimenta, calzado y otras pertenencias.<\/strong> El anuncio en televisi\u00f3n de Heineken nos demostraba que al g\u00e9nero femenino le pirra este espacio del hogar y, seguramente, le har\u00eda la mujer m\u00e1s feliz de la casa. Los hombres, aunque tienen m\u00e1s fama de preferir la cerveza (bas\u00e1ndonos en este mismo spot), cada vez muestran m\u00e1s ese punto presumido del que gozan las f\u00e9minas. Pero m\u00e1s all\u00e1 de t\u00f3picos, hemos seleccionado algunos vestidores que quitan el hipo nada m\u00e1s verlos.<\/p>\n<p><a href=\"http:\/\/www.uxban.com\/wp-content\/uploads\/2019\/10\/vestidor-lujo.jpg\"><img loading=\"lazy\" decoding=\"async\" class=\"aligncenter size-full wp-image-7408\" alt=\"Vestidor de lujo para el hogar\" src=\"http:\/\/www.uxban.com\/wp-content\/uploads\/2019\/10\/vestidor-lujo.jpg\" width=\"720\" height=\"405\" \/><\/a><\/p>\n<p>Como si fu\u00e9ramos la mism\u00edsima Carrie Bradshaw de Sexo en Nueva York donde los zapatos de Manolo Blahnik asum\u00edan un protagonismo sin igual. Su est\u00e9tica nos enmarca casi en una tienda de ropa, calzado y complementos permiti\u00e9ndonos mantener el orden y organizaci\u00f3n dentro de esta sala. Es, simplemente, de pel\u00edcula.<\/p>\n<p><a href=\"http:\/\/www.uxban.com\/wp-content\/uploads\/2019\/10\/vestidor-funcional.jpg\"><img loading=\"lazy\" decoding=\"async\" class=\"aligncenter size-full wp-image-7409\" alt=\"Vestidor funcional de dise\u00f1o\" src=\"http:\/\/www.uxban.com\/wp-content\/uploads\/2019\/10\/vestidor-funcional.jpg\" width=\"720\" height=\"405\" \/><\/a><\/p>\n<p>Con una versi\u00f3n mucho m\u00e1s funcional, este vestidor se muestra tambi\u00e9n espectacular a nuestra vista.\u00a0Como podemos apreciar, lo tiene todo para facilitar el orden y distribuci\u00f3n de la ropa y zapatos gracias a un dise\u00f1o sobrio, sencillo pero no por ello estiloso. El blanco nos ayuda a ofrecer un toque m\u00e1s minimalista ideal para espacios modernos.<\/p>\n<p><a href=\"http:\/\/www.uxban.com\/wp-content\/uploads\/2019\/10\/vestidor-en-forma-u.jpg\"><img loading=\"lazy\" decoding=\"async\" class=\"aligncenter size-full wp-image-7410\" alt=\"Vestidor en forma de u\" src=\"http:\/\/www.uxban.com\/wp-content\/uploads\/2019\/10\/vestidor-en-forma-u.jpg\" width=\"546\" height=\"446\" \/><\/a><\/p>\n<p>Quiz\u00e1s, los vestidores m\u00e1s id\u00edlicos son aquellos que, adem\u00e1s de ser en forma de &#8216;u&#8217;, se encuentran dentro de otra peque\u00f1a estancia. Este es, quiz\u00e1s, el que suele mostrarse en pel\u00edculas o en el anuncio del que habl\u00e1bamos anterioremente. Aqu\u00ed las puertas son opcionales.<\/p>\n<p><a href=\"http:\/\/www.uxban.com\/wp-content\/uploads\/2019\/10\/vestidor-hombres.jpg\"><img loading=\"lazy\" decoding=\"async\" class=\"aligncenter size-full wp-image-7411\" alt=\"Vestidor para hombres\" src=\"http:\/\/www.uxban.com\/wp-content\/uploads\/2019\/10\/vestidor-hombres.jpg\" width=\"600\" height=\"391\" \/><\/a><\/p>\n<p>Este vestidor asume un toque m\u00e1s masculino. Se trata de un dise\u00f1o mucho m\u00e1s sobrio que los anteriores donde la madera asume un papal m\u00e1s protagonista. En este sentido, resulta ideal para hogares actuales pero m\u00e1s sobrios o, por ejemplo, para crear un espacio 100% masculino.<\/p>\n<p><a href=\"http:\/\/www.uxban.com\/wp-content\/uploads\/2019\/10\/cabeceros-vestidor.jpg\"><img loading=\"lazy\" decoding=\"async\" class=\"aligncenter size-full wp-image-7412\" alt=\"Vestidor detr\u00e1s de cabecero de la cama\" src=\"http:\/\/www.uxban.com\/wp-content\/uploads\/2019\/10\/cabeceros-vestidor.jpg\" width=\"600\" height=\"292\" \/><\/a><\/p>\n<p>Por \u00faltimo, nos detenemos en, quiz\u00e1s, el m\u00e1s original en cuanto a la distribuci\u00f3n del dormitorio. Se trata de un vestidor que encontramos detr\u00e1s del cabecero y que nos permite aprovechar al m\u00e1ximo el espacio disponible en la estancia. El resultado es, como vemos, ideal.<\/p>\n<p>Con esta selecci\u00f3n, ofrecemos algunas ideas para integrar un vestidor en el dormitorio o en alg\u00fan lugar de la casa donde cumplir el sue\u00f1o disponer de \u00e9l. \u00bfNo son perfectos?<\/p>\n","protected":false},"excerpt":{"rendered":"<p>Quiz\u00e1s suena a t\u00f3pico pero apostamos a que un gran n\u00famero de mujeres sue\u00f1an con tener un vestidor de lujo donde albergar toda la vestimenta, calzado y otras pertenencias. El anuncio en televisi\u00f3n de Heineken nos demostraba que al g\u00e9nero femenino le pirra este espacio del hogar y, seguramente, le har\u00eda la mujer m\u00e1s feliz [&hellip;]<\/p>\n","protected":false},"author":4,"featured_media":13778,"comment_status":"open","ping_status":"open","sticky":false,"template":"","format":"standard","meta":{"_et_pb_use_builder":"","_et_pb_old_content":"","_et_gb_content_width":"","footnotes":""},"categories":[10,12,18],"tags":[32,40,618,1021,1022,1023],"class_list":["post-7407","post","type-post","status-publish","format-standard","has-post-thumbnail","hentry","category-noticias","category-portada","category-interiorismo","tag-hogar","tag-habitacion","tag-dormitorio","tag-cabecero","tag-vestidor","tag-vestidores"],"acf":[],"_links":{"self":[{"href":"https:\/\/www.uxban.com\/es\/wp-json\/wp\/v2\/posts\/7407","targetHints":{"allow":["GET"]}}],"collection":[{"href":"https:\/\/www.uxban.com\/es\/wp-json\/wp\/v2\/posts"}],"about":[{"href":"https:\/\/www.uxban.com\/es\/wp-json\/wp\/v2\/types\/post"}],"author":[{"embeddable":true,"href":"https:\/\/www.uxban.com\/es\/wp-json\/wp\/v2\/users\/4"}],"replies":[{"embeddable":true,"href":"https:\/\/www.uxban.com\/es\/wp-json\/wp\/v2\/comments?post=7407"}],"version-history":[{"count":1,"href":"https:\/\/www.uxban.com\/es\/wp-json\/wp\/v2\/posts\/7407\/revisions"}],"predecessor-version":[{"id":13782,"href":"https:\/\/www.uxban.com\/es\/wp-json\/wp\/v2\/posts\/7407\/revisions\/13782"}],"wp:featuredmedia":[{"embeddable":true,"href":"https:\/\/www.uxban.com\/es\/wp-json\/wp\/v2\/media\/13778"}],"wp:attachment":[{"href":"https:\/\/www.uxban.com\/es\/wp-json\/wp\/v2\/media?parent=7407"}],"wp:term":[{"taxonomy":"category","embeddable":true,"href":"https:\/\/www.uxban.com\/es\/wp-json\/wp\/v2\/categories?post=7407"},{"taxonomy":"post_tag","embeddable":true,"href":"https:\/\/www.uxban.com\/es\/wp-json\/wp\/v2\/tags?post=7407"}],"curies":[{"name":"wp","href":"https:\/\/api.w.org\/{rel}","templated":true}]}}