{"id":7005,"date":"2016-04-05T14:24:32","date_gmt":"2016-04-05T12:24:32","guid":{"rendered":"http:\/\/uxban.com\/blog\/?p=7005"},"modified":"2019-10-16T14:47:19","modified_gmt":"2019-10-16T12:47:19","slug":"muebles-y-decoracion-con-palets-para-tu-terraza-o-jardin","status":"publish","type":"post","link":"https:\/\/www.uxban.com\/es\/2016\/04\/05\/muebles-y-decoracion-con-palets-para-tu-terraza-o-jardin\/","title":{"rendered":"Muebles y Decoraci\u00f3n con Palets para tu Terraza o Jard\u00edn"},"content":{"rendered":"<p>Una terraza o un jard\u00edn no ser\u00edan lo mismo sin un mobiliario que le otorgue la clase que se merece para disfrutar de la temporada estival. Ahora, con la llegada del buen tiempo, nos adentramos en el mundo de los espacios outdoor tratando de ofrecer algunas ideas para decorar y ambientar este tipo de espacios. Esta vez, os mostramos algunas<strong> propuestas usando <a href=\"https:\/\/www.uxban.com\/blog\/2013\/12\/30\/lo-que-un-palet-puede-hacer-por-la-decoracion-de-la-casa\/\">palets para construir muebles<\/a>, decoraci\u00f3n<\/strong> y otros elementos que har\u00e1n que la terraza se convierta en uno de los espacios m\u00e1s especiales de la casa. Sin duda, ofrecen un estilo ideal y, c\u00f3mo no, es una opci\u00f3n que est\u00e1 marcando la tendencia del dise\u00f1o actual. A continuaci\u00f3n, os dejamos algunas ideas fant\u00e1sticas para tu terraza o jard\u00edn \u00a1Toma nota!<\/p>\n<div style=\"width: 736px\" class=\"wp-caption aligncenter\"><a href=\"http:\/\/www.uxban.com\/wp-content\/uploads\/2019\/10\/estanteria-terraza-palets.jpg\"><img loading=\"lazy\" decoding=\"async\" alt=\"Macetero m\u00faltiple de palets para terraza y espacios outdoor\" src=\"http:\/\/www.uxban.com\/wp-content\/uploads\/2019\/10\/estanteria-terraza-palets.jpg\" width=\"726\" height=\"483\" \/><\/a><p class=\"wp-caption-text\">Foto de Oxfam Intermon<\/p><\/div>\n<p>La primera propuesta decorativa la encontramos en este <strong>macetero m\u00faltiple creado con una pieza de palet.<\/strong> Como podemos ver, ofrecen un toque muy original, al mismo tiempo que ambientamos el espacio con un aire fresco y natural. Sin dida, otorga un estilo muy chic.<\/p>\n<p>&nbsp;<\/p>\n<div id=\"attachment_7008\" style=\"width: 630px\" class=\"wp-caption aligncenter\"><a href=\"http:\/\/www.uxban.com\/wp-content\/uploads\/2019\/10\/panel-palets.gif\"><img loading=\"lazy\" decoding=\"async\" aria-describedby=\"caption-attachment-7008\" class=\"size-full wp-image-7008\" alt=\"Panel pared de palets para macetas\" src=\"http:\/\/www.uxban.com\/wp-content\/uploads\/2019\/10\/panel-palets.gif\" width=\"620\" height=\"414\" \/><\/a><p id=\"caption-attachment-7008\" class=\"wp-caption-text\">Foto de Giner y Mira<\/p><\/div>\n<p style=\"text-align: left;\">En la misma l\u00ednea, descubrimos esta panel de <strong>palet colgado a la pared<\/strong> ideal para colocar todas las plantas que tenemos para esta temporada de primavera-verano. Adem\u00e1s, como idea, podemos usar este tipo de paneles como separadores de ambientes.<\/p>\n<p><a href=\"http:\/\/www.uxban.com\/wp-content\/uploads\/2019\/10\/mesa-centro-palets.jpg\"><img loading=\"lazy\" decoding=\"async\" class=\"aligncenter\" alt=\"Mesa de centro hecha con palets para terraza o jard\u00edn\" src=\"http:\/\/www.uxban.com\/wp-content\/uploads\/2019\/10\/mesa-centro-palets.jpg\" width=\"474\" height=\"649\" \/><\/a><\/p>\n<p>La <strong>mesa de centro de palets<\/strong> es una de las grandes propuestas en este sentido. Resulta ser uno de los muebles que m\u00e1s hemos visto crear a base de palets y lo cierto es que queda ideal para crear espacios chic y con estilo.<\/p>\n<div id=\"attachment_7009\" style=\"width: 3196px\" class=\"wp-caption aligncenter\"><a href=\"http:\/\/www.uxban.com\/wp-content\/uploads\/2019\/10\/sillon-chill-palet.jpg\"><img loading=\"lazy\" decoding=\"async\" aria-describedby=\"caption-attachment-7009\" class=\" wp-image-7009\" alt=\"Sill\u00f3n chill palet para terraza\" src=\"http:\/\/www.uxban.com\/wp-content\/uploads\/2019\/10\/sillon-chill-palet.jpg\" width=\"3186\" height=\"2124\" \/><\/a><p id=\"caption-attachment-7009\" class=\"wp-caption-text\">Foto de Ecomobiliario<\/p><\/div>\n<p>Un sill\u00f3n de palet puede ser la pareja perfecta de la mesa que anteriormente ve\u00edamos. Resulta una propuesta ideal para <strong>crear ambientes chill out y con una estilo \u00fanico<\/strong> y exclusivo. Si lo mezclamos con el color blanco el resultado es, como vemos, fant\u00e1stico.<\/p>\n<div id=\"attachment_7011\" style=\"width: 650px\" class=\"wp-caption aligncenter\"><a href=\"http:\/\/www.uxban.com\/wp-content\/uploads\/2019\/10\/sofa-palets.jpg\"><img loading=\"lazy\" decoding=\"async\" aria-describedby=\"caption-attachment-7011\" class=\" wp-image-7011\" alt=\"Sof\u00e1 de palets para jard\u00edn o terraza\" src=\"http:\/\/www.uxban.com\/wp-content\/uploads\/2019\/10\/sofa-palets.jpg\" width=\"640\" height=\"426\" \/><\/a><p id=\"caption-attachment-7011\" class=\"wp-caption-text\">Foto de Dintelo<\/p><\/div>\n<p style=\"text-align: left;\">M\u00e1s orientados a los <strong>momentos de relax en espacios al aire libre<\/strong>, encontramos algunas propuestas que no van a hacer otra cosa que ofrecernos un ambiente ideal para la desconexi\u00f3n. Este sof\u00e1 hecho de palets, as\u00ed como el escenario que vemos despu\u00e9s de conjunto de mesa m\u00e1s sillones se convierten en la mejor opci\u00f3n para cumplir con estos requisitos de estilo y confort.<\/p>\n<div id=\"attachment_7012\" style=\"width: 510px\" class=\"wp-caption aligncenter\"><a href=\"http:\/\/www.uxban.com\/wp-content\/uploads\/2019\/10\/terraza-palets.jpg\"><img loading=\"lazy\" decoding=\"async\" aria-describedby=\"caption-attachment-7012\" class=\"size-full wp-image-7012\" alt=\"Sof\u00e1 y mesa de centro de palets\" src=\"http:\/\/www.uxban.com\/wp-content\/uploads\/2019\/10\/terraza-palets.jpg\" width=\"500\" height=\"414\" \/><\/a><p id=\"caption-attachment-7012\" class=\"wp-caption-text\">Foto de I love Palets<\/p><\/div>\n<p style=\"text-align: left;\">Se tratan, por tanto, de las mejores propuestas para ambientan nuestra terraza o jard\u00edn con estilo y cumpliendo con todos los requisitos de confort. Como sabemos, el reciclaje de materiales para convertirlos en muebles est\u00e1 a la orden del d\u00eda y esta es una forma excelente de llevarlo a cabo. El palet es, sin duda, un<strong> gran aliado para crear muebles<\/strong> y decoraci\u00f3n con un estilo \u00fanico y muy chic.<\/p>\n<p>&nbsp;<\/p>\n<p>&nbsp;<\/p>\n","protected":false},"excerpt":{"rendered":"<p>Una terraza o un jard\u00edn no ser\u00edan lo mismo sin un mobiliario que le otorgue la clase que se merece para disfrutar de la temporada estival. Ahora, con la llegada del buen tiempo, nos adentramos en el mundo de los espacios outdoor tratando de ofrecer algunas ideas para decorar y ambientar este tipo de espacios. [&hellip;]<\/p>\n","protected":false},"author":4,"featured_media":14094,"comment_status":"open","ping_status":"open","sticky":false,"template":"","format":"standard","meta":{"_et_pb_use_builder":"","_et_pb_old_content":"","_et_gb_content_width":"","footnotes":""},"categories":[10],"tags":[],"class_list":["post-7005","post","type-post","status-publish","format-standard","has-post-thumbnail","hentry","category-noticias"],"acf":[],"_links":{"self":[{"href":"https:\/\/www.uxban.com\/es\/wp-json\/wp\/v2\/posts\/7005","targetHints":{"allow":["GET"]}}],"collection":[{"href":"https:\/\/www.uxban.com\/es\/wp-json\/wp\/v2\/posts"}],"about":[{"href":"https:\/\/www.uxban.com\/es\/wp-json\/wp\/v2\/types\/post"}],"author":[{"embeddable":true,"href":"https:\/\/www.uxban.com\/es\/wp-json\/wp\/v2\/users\/4"}],"replies":[{"embeddable":true,"href":"https:\/\/www.uxban.com\/es\/wp-json\/wp\/v2\/comments?post=7005"}],"version-history":[{"count":1,"href":"https:\/\/www.uxban.com\/es\/wp-json\/wp\/v2\/posts\/7005\/revisions"}],"predecessor-version":[{"id":14105,"href":"https:\/\/www.uxban.com\/es\/wp-json\/wp\/v2\/posts\/7005\/revisions\/14105"}],"wp:featuredmedia":[{"embeddable":true,"href":"https:\/\/www.uxban.com\/es\/wp-json\/wp\/v2\/media\/14094"}],"wp:attachment":[{"href":"https:\/\/www.uxban.com\/es\/wp-json\/wp\/v2\/media?parent=7005"}],"wp:term":[{"taxonomy":"category","embeddable":true,"href":"https:\/\/www.uxban.com\/es\/wp-json\/wp\/v2\/categories?post=7005"},{"taxonomy":"post_tag","embeddable":true,"href":"https:\/\/www.uxban.com\/es\/wp-json\/wp\/v2\/tags?post=7005"}],"curies":[{"name":"wp","href":"https:\/\/api.w.org\/{rel}","templated":true}]}}