{"id":6572,"date":"2016-01-23T16:54:18","date_gmt":"2016-01-23T15:54:18","guid":{"rendered":"http:\/\/uxban.com\/blog\/?p=6572"},"modified":"2019-10-16T14:47:22","modified_gmt":"2019-10-16T12:47:22","slug":"cocina-con-el-diseno-mas-actual-para-viviendas-de-lujo","status":"publish","type":"post","link":"https:\/\/www.uxban.com\/es\/2016\/01\/23\/cocina-con-el-diseno-mas-actual-para-viviendas-de-lujo\/","title":{"rendered":"Cocina con el Dise\u00f1o m\u00e1s Actual para Viviendas de Lujo"},"content":{"rendered":"<p id=\"master_ContentPlaceHolder1__fffffcc63e740489_nomeDesigner\">La cocina es, posiblemente, uno de los espacios favoritos para muchos amantes del dise\u00f1o de interiores. Adem\u00e1s de ser un lugar donde dedicamos mucho tiempo en nuestro d\u00eda a d\u00eda, es un espacio donde solemos disfrutar de la actividad culinaria. Por todo ello, la cocina ha de ser una de las estancias mejor acondicionadas y donde el estilo y dise\u00f1o juegan papeles indispensables. En este sentido, descubrimos esta cocina creada por el arquitecto estadounidense y de origen polaco Daniel Libeskind para la firma italiana <a href=\"http:\/\/www.poliform.it\/varenna_it.html\" target=\"_blank\" rel=\"noopener noreferrer\">Varenna Poliform<\/a>, cuyo dise\u00f1o no deja indiferente a nadie.<\/p>\n<p><a href=\"http:\/\/www.uxban.com\/wp-content\/uploads\/2019\/10\/cocina-diseno-moderno.jpg\"><img loading=\"lazy\" decoding=\"async\" class=\"aligncenter size-full wp-image-6573\" alt=\"Cocina de dise\u00f1o moderno\" src=\"http:\/\/www.uxban.com\/wp-content\/uploads\/2019\/10\/cocina-diseno-moderno.jpg\" width=\"1200\" height=\"765\" \/><\/a><\/p>\n<p>&nbsp;<\/p>\n<p>Estamos delante de una cocina con una gran personalidad donde la clase y elegancia se presentan como sus dos grandes caracter\u00edsticas diferenciales. As\u00ed mismo, se trata de un dise\u00f1o donde la exclusividad y el sentido \u00fanico aparecen en el espacio para ofrecer un aire distinguido y, sobre todo, sofisticado.<\/p>\n<p>Adem\u00e1s de caracterizarse por un mobiliario lineal sin detalles sobrantes y una simplicidad \u00fanica, esta cocina ofrece su toque m\u00e1s original gracias a la continuaci\u00f3n de su isla central en forma de siete (7). Y es que, adem\u00e1s del contraste de color, esta isla tiene una nueva estructura cuyo soporte se presenta inclinado, otorgando as\u00ed su punto m\u00e1s diferencial.<\/p>\n<p><a href=\"http:\/\/www.uxban.com\/wp-content\/uploads\/2019\/10\/cocina-diseno-moderno-2.jpg\"><img loading=\"lazy\" decoding=\"async\" class=\"aligncenter size-full wp-image-6574\" alt=\"Cocina de dise\u00f1o moderno\" src=\"http:\/\/www.uxban.com\/wp-content\/uploads\/2019\/10\/cocina-diseno-moderno-2.jpg\" width=\"1200\" height=\"765\" \/><\/a><\/p>\n<p>La combinaci\u00f3n de los colores blanco y negro, adem\u00e1s de su acabado lacado, ofrecen una est\u00e9tica realmente actual y contempor\u00e1nea. As\u00ed, esta cocina se presenta como una opci\u00f3n perfecta para integrar en viviendas con gusto por el dise\u00f1o moderno y distintivo. Y, en este sentido, encontramos en esta cocina ese aire minimalista tan propio de los espacios vanguardistas con un estilo \u00fanico. Aunque, no obstante, podemos romper con la rutina de colores con algunos motivos naturales como el que vemos en im\u00e1genes para convertir esta cocina en el espacio m\u00e1s acogedor de la casa.<\/p>\n<p><a href=\"http:\/\/www.uxban.com\/wp-content\/uploads\/2019\/10\/cocina-diseno-moderno-1.jpg\"><img loading=\"lazy\" decoding=\"async\" class=\"aligncenter size-full wp-image-6575\" alt=\"Cocina de dise\u00f1o moderno\" src=\"http:\/\/www.uxban.com\/wp-content\/uploads\/2019\/10\/cocina-diseno-moderno-1.jpg\" width=\"600\" height=\"765\" \/><\/a><\/p>\n<p>Sin duda, se trata de una cocina totalmente equipada con todas las prestaciones que, adem\u00e1s, garantiza todo el confort para disfrutar no solo de su dise\u00f1o, sino de las facilidades que ofrece durante la actividad culinaria. Es por esto que se presenta como una aut\u00e9ntica propuesta que ofrece al espacio un toque muy exclusivo y, adem\u00e1s, elegante para integrar en un lugar amplio y sin problemas de espacio.<\/p>\n<p><strong><a href=\"https:\/\/www.uxban.com\/blog\/2015\/01\/31\/cocinas-blancas-con-aroma-minimalista-porcelanosa\/\" target=\"_blank\" rel=\"noopener noreferrer\">Descubre estas cocinas de estilo mimalista con un dise\u00f1o muy exclusivo.\u00a0<\/a><\/strong><\/p>\n<p>&nbsp;<\/p>\n","protected":false},"excerpt":{"rendered":"<p>La cocina es, posiblemente, uno de los espacios favoritos para muchos amantes del dise\u00f1o de interiores. Adem\u00e1s de ser un lugar donde dedicamos mucho tiempo en nuestro d\u00eda a d\u00eda, es un espacio donde solemos disfrutar de la actividad culinaria. Por todo ello, la cocina ha de ser una de las estancias mejor acondicionadas y [&hellip;]<\/p>\n","protected":false},"author":4,"featured_media":14707,"comment_status":"open","ping_status":"open","sticky":false,"template":"","format":"standard","meta":{"_et_pb_use_builder":"","_et_pb_old_content":"","_et_gb_content_width":"","footnotes":""},"categories":[10,12,18],"tags":[],"class_list":["post-6572","post","type-post","status-publish","format-standard","has-post-thumbnail","hentry","category-noticias","category-portada","category-interiorismo"],"acf":[],"_links":{"self":[{"href":"https:\/\/www.uxban.com\/es\/wp-json\/wp\/v2\/posts\/6572","targetHints":{"allow":["GET"]}}],"collection":[{"href":"https:\/\/www.uxban.com\/es\/wp-json\/wp\/v2\/posts"}],"about":[{"href":"https:\/\/www.uxban.com\/es\/wp-json\/wp\/v2\/types\/post"}],"author":[{"embeddable":true,"href":"https:\/\/www.uxban.com\/es\/wp-json\/wp\/v2\/users\/4"}],"replies":[{"embeddable":true,"href":"https:\/\/www.uxban.com\/es\/wp-json\/wp\/v2\/comments?post=6572"}],"version-history":[{"count":3,"href":"https:\/\/www.uxban.com\/es\/wp-json\/wp\/v2\/posts\/6572\/revisions"}],"predecessor-version":[{"id":14716,"href":"https:\/\/www.uxban.com\/es\/wp-json\/wp\/v2\/posts\/6572\/revisions\/14716"}],"wp:featuredmedia":[{"embeddable":true,"href":"https:\/\/www.uxban.com\/es\/wp-json\/wp\/v2\/media\/14707"}],"wp:attachment":[{"href":"https:\/\/www.uxban.com\/es\/wp-json\/wp\/v2\/media?parent=6572"}],"wp:term":[{"taxonomy":"category","embeddable":true,"href":"https:\/\/www.uxban.com\/es\/wp-json\/wp\/v2\/categories?post=6572"},{"taxonomy":"post_tag","embeddable":true,"href":"https:\/\/www.uxban.com\/es\/wp-json\/wp\/v2\/tags?post=6572"}],"curies":[{"name":"wp","href":"https:\/\/api.w.org\/{rel}","templated":true}]}}