{"id":5173,"date":"2015-06-18T15:07:15","date_gmt":"2015-06-18T13:07:15","guid":{"rendered":"http:\/\/uxban.com\/blog\/?p=5173"},"modified":"2019-10-16T15:20:29","modified_gmt":"2019-10-16T13:20:29","slug":"sillas-de-diseno-minimalista-todo-color","status":"publish","type":"post","link":"https:\/\/www.uxban.com\/es\/2015\/06\/18\/sillas-de-diseno-minimalista-todo-color\/","title":{"rendered":"Sillas de Dise\u00f1o Minimalista a Todo Color"},"content":{"rendered":"<p>Thalya Chair es la silla dise\u00f1ada Patrick Jouin por para <a href=\"http:\/\/www.kartell.com\/\" target=\"_blank\" rel=\"noopener noreferrer\">Kartell.<\/a> Hechas con policarbonato bajo el sistema de inyecci\u00f3n de gas, estas sillas presentan un dise\u00f1o muy sencillo pero, a la vez, mantienen una fuerte personalidad. Una colecci\u00f3n que presentan la esencia minimalista tan propia de los espacios modernos y urbanos.<\/p>\n<p><a href=\"http:\/\/www.uxban.com\/wp-content\/uploads\/2019\/10\/silla_diseno-11.jpg\"><img loading=\"lazy\" decoding=\"async\" class=\"aligncenter size-full wp-image-5174\" alt=\"Silla de dise\u00f1o de colores \" src=\"http:\/\/www.uxban.com\/wp-content\/uploads\/2019\/10\/silla_diseno-11.jpg\" width=\"962\" height=\"536\" \/><\/a><\/p>\n<p>Observando su est\u00e9tica, estas sillas resultan ideales para integrar en cocinas o, incluso, en espacios al aire libre como es un jard\u00edn o terraza. Adem\u00e1s, la variedad en colores nos ayudar\u00e1n a combinar mucho mejor cada uno de los espacios con el resto de mobliario.<\/p>\n<p><a href=\"http:\/\/www.uxban.com\/wp-content\/uploads\/2019\/10\/20000120jd_14_f.jpg\"><img loading=\"lazy\" decoding=\"async\" class=\"aligncenter size-full wp-image-5175\" alt=\"Silla de dise\u00f1o de colores \" src=\"http:\/\/www.uxban.com\/wp-content\/uploads\/2019\/10\/20000120jd_14_f.jpg\" width=\"3725\" height=\"1933\" \/><\/a>Su dise\u00f1o ofrecen un estilo \u00fanico y din\u00e1mico donde el color se convierte en el aut\u00e9ntico protagonista del espacio. Es, por tanto, un opci\u00f3n excelente para ofrecer estilo y color en una misma pieza.<\/p>\n","protected":false},"excerpt":{"rendered":"<p>Thalya Chair es la silla dise\u00f1ada Patrick Jouin por para Kartell. Hechas con policarbonato bajo el sistema de inyecci\u00f3n de gas, estas sillas presentan un dise\u00f1o muy sencillo pero, a la vez, mantienen una fuerte personalidad. Una colecci\u00f3n que presentan la esencia minimalista tan propia de los espacios modernos y urbanos. Observando su est\u00e9tica, estas [&hellip;]<\/p>\n","protected":false},"author":4,"featured_media":18869,"comment_status":"open","ping_status":"open","sticky":false,"template":"","format":"standard","meta":{"_et_pb_use_builder":"","_et_pb_old_content":"","_et_gb_content_width":"","footnotes":""},"categories":[10,12,18],"tags":[],"class_list":["post-5173","post","type-post","status-publish","format-standard","has-post-thumbnail","hentry","category-noticias","category-portada","category-interiorismo"],"acf":[],"_links":{"self":[{"href":"https:\/\/www.uxban.com\/es\/wp-json\/wp\/v2\/posts\/5173","targetHints":{"allow":["GET"]}}],"collection":[{"href":"https:\/\/www.uxban.com\/es\/wp-json\/wp\/v2\/posts"}],"about":[{"href":"https:\/\/www.uxban.com\/es\/wp-json\/wp\/v2\/types\/post"}],"author":[{"embeddable":true,"href":"https:\/\/www.uxban.com\/es\/wp-json\/wp\/v2\/users\/4"}],"replies":[{"embeddable":true,"href":"https:\/\/www.uxban.com\/es\/wp-json\/wp\/v2\/comments?post=5173"}],"version-history":[{"count":1,"href":"https:\/\/www.uxban.com\/es\/wp-json\/wp\/v2\/posts\/5173\/revisions"}],"predecessor-version":[{"id":18870,"href":"https:\/\/www.uxban.com\/es\/wp-json\/wp\/v2\/posts\/5173\/revisions\/18870"}],"wp:featuredmedia":[{"embeddable":true,"href":"https:\/\/www.uxban.com\/es\/wp-json\/wp\/v2\/media\/18869"}],"wp:attachment":[{"href":"https:\/\/www.uxban.com\/es\/wp-json\/wp\/v2\/media?parent=5173"}],"wp:term":[{"taxonomy":"category","embeddable":true,"href":"https:\/\/www.uxban.com\/es\/wp-json\/wp\/v2\/categories?post=5173"},{"taxonomy":"post_tag","embeddable":true,"href":"https:\/\/www.uxban.com\/es\/wp-json\/wp\/v2\/tags?post=5173"}],"curies":[{"name":"wp","href":"https:\/\/api.w.org\/{rel}","templated":true}]}}