{"id":4326,"date":"2015-03-20T18:54:53","date_gmt":"2015-03-20T17:54:53","guid":{"rendered":"http:\/\/uxban.com\/blog\/?p=4326"},"modified":"2019-10-16T15:20:17","modified_gmt":"2019-10-16T13:20:17","slug":"el-estilo-vintage-llega-la-cocina-del-hogar","status":"publish","type":"post","link":"https:\/\/www.uxban.com\/es\/2015\/03\/20\/el-estilo-vintage-llega-la-cocina-del-hogar\/","title":{"rendered":"El Estilo Vintage Llega a la Cocina del Hogar"},"content":{"rendered":"<p>El estilo vintage tambi\u00e9n llega a la cocina. Con un look de lo m\u00e1s retro, la firma\u00a0<a href=\"http:\/\/www.devolkitchens.co.uk\/kitchens\/air-kitchen\/cotes-mill-kitchen\/\" target=\"_blank\" rel=\"noopener noreferrer\">deVOL<\/a>\u00a0propone este singular mobiliario que \u00a0no va a dejar indiferente a nadie. Y es que, como podemos apreciar, nos encontramos ante una cocina con un estilo impecable.<\/p>\n<p style=\"text-align: center;\"><a href=\"http:\/\/www.uxban.com\/wp-content\/uploads\/2019\/10\/entrance-hall-air-kitchen-kohler-sink.jpg\"><img loading=\"lazy\" decoding=\"async\" class=\"aligncenter  wp-image-4330\" title=\"Cocina dise\u00f1o retro\" alt=\"Cocina dise\u00f1o retro\" src=\"http:\/\/www.uxban.com\/wp-content\/uploads\/2019\/10\/entrance-hall-air-kitchen-kohler-sink.jpg\" width=\"800\" height=\"433\" \/><\/a><\/p>\n<p>Mediante l\u00edneas redondeadas en cada uno de los muebles, esta cocina consigue asumir un estilo retro sin igual. Un estilo que cada vez m\u00e1s toma fuerza y que se integra en la cocina de una manera formidable. El resultado, como podemos observar, es ideal.<\/p>\n<p style=\"text-align: center;\"><a href=\"http:\/\/www.uxban.com\/wp-content\/uploads\/2019\/10\/Air-kitchen-enamelware.jpg\"><img loading=\"lazy\" decoding=\"async\" class=\"aligncenter  wp-image-4327\" title=\"Cocina dise\u00f1o retro\" alt=\"Cocina dise\u00f1o retro\" src=\"http:\/\/www.uxban.com\/wp-content\/uploads\/2019\/10\/Air-kitchen-enamelware.jpg\" width=\"800\" height=\"433\" \/><\/a><\/p>\n<p>A pesar de este aire retro que se aprecia en todo el espacio, no podemos obviar su especial matiz elgante y sofisticado. Un toque a la par moderno que le viene dado precisamente por sus l\u00edneas puras y limpias.<\/p>\n<p style=\"text-align: center;\"><a href=\"http:\/\/www.uxban.com\/wp-content\/uploads\/2019\/10\/air-kitchen-retro-designer-kitchen.jpg\"><img loading=\"lazy\" decoding=\"async\" class=\"aligncenter  wp-image-4328\" title=\"Cocina dise\u00f1o retro\" alt=\"Cocina dise\u00f1o retro\" src=\"http:\/\/www.uxban.com\/wp-content\/uploads\/2019\/10\/air-kitchen-retro-designer-kitchen.jpg\" width=\"800\" height=\"433\" \/><\/a><\/p>\n<p>Asimismo, este dise\u00f1o puede verse integrado en espacios que mantienen tanto una est\u00e9tica industrial o, incluso rural. As\u00ed, lo vemos en estas im\u00e1genes cuyo espacio mantiene un estilo muy singular. Con isla en el centro, o en la pared para las cocinas m\u00e1s peque\u00f1as, lo cierto es que nos encontramos ante una propuesta ideal para ofrecer un toque diferencial al hogar y, cuanto menos, de estilo vintage.<\/p>\n<p style=\"text-align: center;\"><a href=\"http:\/\/www.uxban.com\/wp-content\/uploads\/2019\/10\/air-kitchen-worktops-silestone-oak.jpg\"><img loading=\"lazy\" decoding=\"async\" class=\"aligncenter  wp-image-4329\" title=\"Cocina dise\u00f1o retro\" alt=\"Cocina dise\u00f1o retro\" src=\"http:\/\/www.uxban.com\/wp-content\/uploads\/2019\/10\/air-kitchen-worktops-silestone-oak.jpg\" width=\"800\" height=\"433\" \/><\/a><\/p>\n<p>&nbsp;<\/p>\n<p>&nbsp;<\/p>\n","protected":false},"excerpt":{"rendered":"<p>El estilo vintage tambi\u00e9n llega a la cocina. Con un look de lo m\u00e1s retro, la firma\u00a0deVOL\u00a0propone este singular mobiliario que \u00a0no va a dejar indiferente a nadie. Y es que, como podemos apreciar, nos encontramos ante una cocina con un estilo impecable. Mediante l\u00edneas redondeadas en cada uno de los muebles, esta cocina consigue [&hellip;]<\/p>\n","protected":false},"author":4,"featured_media":17145,"comment_status":"open","ping_status":"open","sticky":false,"template":"","format":"standard","meta":{"_et_pb_use_builder":"","_et_pb_old_content":"","_et_gb_content_width":"","footnotes":""},"categories":[10,12,18],"tags":[],"class_list":["post-4326","post","type-post","status-publish","format-standard","has-post-thumbnail","hentry","category-noticias","category-portada","category-interiorismo"],"acf":[],"_links":{"self":[{"href":"https:\/\/www.uxban.com\/es\/wp-json\/wp\/v2\/posts\/4326","targetHints":{"allow":["GET"]}}],"collection":[{"href":"https:\/\/www.uxban.com\/es\/wp-json\/wp\/v2\/posts"}],"about":[{"href":"https:\/\/www.uxban.com\/es\/wp-json\/wp\/v2\/types\/post"}],"author":[{"embeddable":true,"href":"https:\/\/www.uxban.com\/es\/wp-json\/wp\/v2\/users\/4"}],"replies":[{"embeddable":true,"href":"https:\/\/www.uxban.com\/es\/wp-json\/wp\/v2\/comments?post=4326"}],"version-history":[{"count":1,"href":"https:\/\/www.uxban.com\/es\/wp-json\/wp\/v2\/posts\/4326\/revisions"}],"predecessor-version":[{"id":17163,"href":"https:\/\/www.uxban.com\/es\/wp-json\/wp\/v2\/posts\/4326\/revisions\/17163"}],"wp:featuredmedia":[{"embeddable":true,"href":"https:\/\/www.uxban.com\/es\/wp-json\/wp\/v2\/media\/17145"}],"wp:attachment":[{"href":"https:\/\/www.uxban.com\/es\/wp-json\/wp\/v2\/media?parent=4326"}],"wp:term":[{"taxonomy":"category","embeddable":true,"href":"https:\/\/www.uxban.com\/es\/wp-json\/wp\/v2\/categories?post=4326"},{"taxonomy":"post_tag","embeddable":true,"href":"https:\/\/www.uxban.com\/es\/wp-json\/wp\/v2\/tags?post=4326"}],"curies":[{"name":"wp","href":"https:\/\/api.w.org\/{rel}","templated":true}]}}