{"id":3582,"date":"2014-12-17T22:21:02","date_gmt":"2014-12-17T21:21:02","guid":{"rendered":"http:\/\/uxban.com\/blog\/?p=3582"},"modified":"2019-10-16T15:20:30","modified_gmt":"2019-10-16T13:20:30","slug":"vinilos-navidenos-para-decorar-la-casa-en-estas-fiestas","status":"publish","type":"post","link":"https:\/\/www.uxban.com\/es\/2014\/12\/17\/vinilos-navidenos-para-decorar-la-casa-en-estas-fiestas\/","title":{"rendered":"Vinilos Navide\u00f1os para Decorar la Casa en estas Fiestas"},"content":{"rendered":"<p>A pocos d\u00edas de que llegue la Navidad, a\u00fan tenemos tiempo para ultimar detalles en relaci\u00f3n a los motivos decorativos t\u00edpicos de estas fechas. Si lo que queremos es a\u00f1adir un toque de creatividad, los vinilos para la pared con alg\u00fan dibujo t\u00edpico de Navidad pueden ser una opci\u00f3n m\u00e1s que recomendable.<\/p>\n<p><a href=\"http:\/\/www.uxban.com\/wp-content\/uploads\/2019\/10\/magic-holidays-vinilo_63415.jpg\"><img loading=\"lazy\" decoding=\"async\" class=\"aligncenter size-full wp-image-3591\" alt=\"Vinilos navide\u00f1os\" src=\"http:\/\/www.uxban.com\/wp-content\/uploads\/2019\/10\/magic-holidays-vinilo_63415.jpg\" width=\"600\" height=\"288\" \/><\/a><\/p>\n<p>Y es que, teniendo en cuenta la tendencia por incluir vinilos para la decoraci\u00f3n de la casa, qu\u00e9 mejor que integrar uno en casa este a\u00f1o para estas fiestas. Aqu\u00ed observamos el efecto que causa cada uno de ellos, dependiendo en que espacio.<\/p>\n<p><a href=\"http:\/\/www.uxban.com\/wp-content\/uploads\/2019\/10\/vinilo_arbol_navidad.jpg\"><img loading=\"lazy\" decoding=\"async\" class=\"aligncenter size-full wp-image-3586\" alt=\"Vinilos para Navidad\" src=\"http:\/\/www.uxban.com\/wp-content\/uploads\/2019\/10\/vinilo_arbol_navidad.jpg\" width=\"600\" height=\"217\" \/><\/a><\/p>\n<p>Algunas firmas como <a href=\"https:\/\/www.chicplace.com\" target=\"_blank\" rel=\"noopener noreferrer\">ChicPlace<\/a>, <a href=\"http:\/\/www.myvinilo.com\/vinilos-decorativos-navidad\/\" target=\"_blank\" rel=\"noopener noreferrer\">MyVinilo<\/a> o <a href=\"http:\/\/pixers.es\/vinilos\/inspiracion\/pixers-navidad\/\" target=\"_blank\" rel=\"noopener noreferrer\">Pixers<\/a> proponen varias opciones que van a ofrecer un aire muy original al ambiente. Un ambiente que se llenar\u00e1 de ilusi\u00f3n y magia gracias a dibujos divertidos y tem\u00e1ticos navide\u00f1os.<\/p>\n<p><a href=\"http:\/\/www.uxban.com\/wp-content\/uploads\/2019\/10\/vinilo-calcetinas-navidad_mv406.jpg\"><img loading=\"lazy\" decoding=\"async\" class=\"aligncenter size-full wp-image-3587\" alt=\"Vinilos para Navidad\" src=\"http:\/\/www.uxban.com\/wp-content\/uploads\/2019\/10\/vinilo-calcetinas-navidad_mv406.jpg\" width=\"600\" height=\"287\" \/><\/a><\/p>\n<p>\u00c1rboles de Navidad, calcetines, gorros de Papa N\u00f6el son los t\u00edpicos dibujos que mejor ambientan estas fechas tan marcadas. Tal y como apreciamos en las im\u00e1genes, cualquiera de estos vinilos va a ofrecer un aire diferente al espacio, al mismo tiempo que va a entusiasmar a los m\u00e1s peque\u00f1os de la casa y no tan peque\u00f1os.<\/p>\n<p><a href=\"http:\/\/www.uxban.com\/wp-content\/uploads\/2019\/10\/abeto_vinilo.jpg\"><img loading=\"lazy\" decoding=\"async\" class=\"aligncenter size-full wp-image-3588\" alt=\"Vinilos para Navidad\" src=\"http:\/\/www.uxban.com\/wp-content\/uploads\/2019\/10\/abeto_vinilo.jpg\" width=\"600\" height=\"287\" \/><\/a><\/p>\n<p>&nbsp;<\/p>\n<p>&nbsp;<\/p>\n","protected":false},"excerpt":{"rendered":"<p>A pocos d\u00edas de que llegue la Navidad, a\u00fan tenemos tiempo para ultimar detalles en relaci\u00f3n a los motivos decorativos t\u00edpicos de estas fechas. Si lo que queremos es a\u00f1adir un toque de creatividad, los vinilos para la pared con alg\u00fan dibujo t\u00edpico de Navidad pueden ser una opci\u00f3n m\u00e1s que recomendable. Y es que, [&hellip;]<\/p>\n","protected":false},"author":4,"featured_media":18680,"comment_status":"open","ping_status":"open","sticky":false,"template":"","format":"standard","meta":{"_et_pb_use_builder":"","_et_pb_old_content":"","_et_gb_content_width":"","footnotes":""},"categories":[10,12,18],"tags":[],"class_list":["post-3582","post","type-post","status-publish","format-standard","has-post-thumbnail","hentry","category-noticias","category-portada","category-interiorismo"],"acf":[],"_links":{"self":[{"href":"https:\/\/www.uxban.com\/es\/wp-json\/wp\/v2\/posts\/3582","targetHints":{"allow":["GET"]}}],"collection":[{"href":"https:\/\/www.uxban.com\/es\/wp-json\/wp\/v2\/posts"}],"about":[{"href":"https:\/\/www.uxban.com\/es\/wp-json\/wp\/v2\/types\/post"}],"author":[{"embeddable":true,"href":"https:\/\/www.uxban.com\/es\/wp-json\/wp\/v2\/users\/4"}],"replies":[{"embeddable":true,"href":"https:\/\/www.uxban.com\/es\/wp-json\/wp\/v2\/comments?post=3582"}],"version-history":[{"count":1,"href":"https:\/\/www.uxban.com\/es\/wp-json\/wp\/v2\/posts\/3582\/revisions"}],"predecessor-version":[{"id":18686,"href":"https:\/\/www.uxban.com\/es\/wp-json\/wp\/v2\/posts\/3582\/revisions\/18686"}],"wp:featuredmedia":[{"embeddable":true,"href":"https:\/\/www.uxban.com\/es\/wp-json\/wp\/v2\/media\/18680"}],"wp:attachment":[{"href":"https:\/\/www.uxban.com\/es\/wp-json\/wp\/v2\/media?parent=3582"}],"wp:term":[{"taxonomy":"category","embeddable":true,"href":"https:\/\/www.uxban.com\/es\/wp-json\/wp\/v2\/categories?post=3582"},{"taxonomy":"post_tag","embeddable":true,"href":"https:\/\/www.uxban.com\/es\/wp-json\/wp\/v2\/tags?post=3582"}],"curies":[{"name":"wp","href":"https:\/\/api.w.org\/{rel}","templated":true}]}}