{"id":23480,"date":"2022-01-14T14:47:09","date_gmt":"2022-01-14T13:47:09","guid":{"rendered":"https:\/\/www.uxban.com\/?p=23480"},"modified":"2022-01-14T14:47:09","modified_gmt":"2022-01-14T13:47:09","slug":"aviones-privados-el-lujo-esta-en-el-aire","status":"publish","type":"post","link":"https:\/\/www.uxban.com\/es\/2022\/01\/14\/aviones-privados-el-lujo-esta-en-el-aire\/","title":{"rendered":"Aviones privados. El lujo est\u00e1 en el aire"},"content":{"rendered":"<p>Si pensamos en un avi\u00f3n o jet privado nos viene a la mente el lujo. Parece que ese medio de transporte solo es para millonarios, actrices, futbolistas o pol\u00edticos pero tras la pandemia se ha \u201cdemocratizado\u201d el uso de este medio de transporte que aunque no es m\u00e1s econ\u00f3mico si que ha llegado a otro tipo de usuarios que se preocupan por la salud pero no quieren dejar de viajar.<\/p>\n<p>Alquilar un jet privado depende de varios factores entre los que est\u00e1n el tipo de avi\u00f3n que escojamos, el n\u00famero de plazas o viajeros que tenga, las distancias, si es un vuelo es de ida y vuelta en el d\u00eda, las tarifas de estancia del aeropuerto de destino y sobretodo de los gustos y necesidades del cliente.<\/p>\n<p><img loading=\"lazy\" decoding=\"async\" class=\"alignnone wp-image-23483 size-full\" src=\"https:\/\/www.uxban.com\/wp-content\/uploads\/2022\/01\/businesswoman-looking-from-window-in-private-airplane-jet-modern-passenger-plane-young-european-woman-wear-formal-suit-civil-commercial-aviation-concept-of-air-travel-and-business.jpg\" alt=\"\" width=\"1920\" height=\"1280\" srcset=\"https:\/\/www.uxban.com\/wp-content\/uploads\/2022\/01\/businesswoman-looking-from-window-in-private-airplane-jet-modern-passenger-plane-young-european-woman-wear-formal-suit-civil-commercial-aviation-concept-of-air-travel-and-business.jpg 1920w, https:\/\/www.uxban.com\/wp-content\/uploads\/2022\/01\/businesswoman-looking-from-window-in-private-airplane-jet-modern-passenger-plane-young-european-woman-wear-formal-suit-civil-commercial-aviation-concept-of-air-travel-and-business-1280x853.jpg 1280w, https:\/\/www.uxban.com\/wp-content\/uploads\/2022\/01\/businesswoman-looking-from-window-in-private-airplane-jet-modern-passenger-plane-young-european-woman-wear-formal-suit-civil-commercial-aviation-concept-of-air-travel-and-business-980x653.jpg 980w, https:\/\/www.uxban.com\/wp-content\/uploads\/2022\/01\/businesswoman-looking-from-window-in-private-airplane-jet-modern-passenger-plane-young-european-woman-wear-formal-suit-civil-commercial-aviation-concept-of-air-travel-and-business-480x320.jpg 480w\" sizes=\"auto, (min-width: 0px) and (max-width: 480px) 480px, (min-width: 481px) and (max-width: 980px) 980px, (min-width: 981px) and (max-width: 1280px) 1280px, (min-width: 1281px) 1920px, 100vw\" \/><\/p>\n<p>Por ejemplo un viaje de Madrid a Ibiza por tres d\u00edas para 7 personas tendr\u00eda un coste de unos 12.000 euros y por ejemplo una hora de vuelo de un jet sencillo para 6 personas tendr\u00eda un coste aprox de 2.500\u20ac. Pero \u00bfqu\u00e9 busca el cliente de un jet privado?<\/p>\n<p>Sobretodo privacidad, sin l\u00edmite de equipaje, confort dentro del avi\u00f3n, poder llegar al aeropuerto 10 minutos antes y sin control de seguridad, destinos especiales donde los vuelos regulares no llegan de forma directa (por ejemplo Europa tiene en total 5000 aeropuertos de los cuales solo 500 reciben vuelos comerciales), seguridad (respecto a COVID 19) y autonom\u00eda para salir cuando le apetezca.<\/p>\n<p>Las nuevas tecnolog\u00edas han llegado tambi\u00e9n al sector de los aviones privados y ya existen compa\u00f1\u00edas donde a trav\u00e9s de un pago de membres\u00eda actual (que no supera los 1000$ al a\u00f1o) ofrece al cliente el alquiler de un jet privado o reservar un asiento en alg\u00fan jet que por ejemplo est\u00e9 haciendo noche en un destino y tenga disponible hacer este servicio. Algo as\u00ed como un Uber por los aires.<\/p>\n","protected":false},"excerpt":{"rendered":"<p>Si pensamos en un avi\u00f3n o jet privado nos viene a la mente el lujo. Parece que ese medio de transporte solo es para millonarios, actrices, futbolistas o pol\u00edticos pero tras la pandemia se ha \u201cdemocratizado\u201d el uso de este medio de transporte que aunque no es m\u00e1s econ\u00f3mico si que ha llegado a otro [&hellip;]<\/p>\n","protected":false},"author":12,"featured_media":23481,"comment_status":"open","ping_status":"open","sticky":false,"template":"","format":"standard","meta":{"_et_pb_use_builder":"","_et_pb_old_content":"","_et_gb_content_width":"","footnotes":""},"categories":[1621,1882,1636,1805],"tags":[1886,1883,1884,1885],"class_list":["post-23480","post","type-post","status-publish","format-standard","has-post-thumbnail","hentry","category-viajes","category-aviones-de-lujo","category-trends","category-lujo","tag-superlujo","tag-aviones-de-lujo","tag-jets-privados","tag-avion-priva"],"acf":[],"_links":{"self":[{"href":"https:\/\/www.uxban.com\/es\/wp-json\/wp\/v2\/posts\/23480","targetHints":{"allow":["GET"]}}],"collection":[{"href":"https:\/\/www.uxban.com\/es\/wp-json\/wp\/v2\/posts"}],"about":[{"href":"https:\/\/www.uxban.com\/es\/wp-json\/wp\/v2\/types\/post"}],"author":[{"embeddable":true,"href":"https:\/\/www.uxban.com\/es\/wp-json\/wp\/v2\/users\/12"}],"replies":[{"embeddable":true,"href":"https:\/\/www.uxban.com\/es\/wp-json\/wp\/v2\/comments?post=23480"}],"version-history":[{"count":1,"href":"https:\/\/www.uxban.com\/es\/wp-json\/wp\/v2\/posts\/23480\/revisions"}],"predecessor-version":[{"id":23485,"href":"https:\/\/www.uxban.com\/es\/wp-json\/wp\/v2\/posts\/23480\/revisions\/23485"}],"wp:featuredmedia":[{"embeddable":true,"href":"https:\/\/www.uxban.com\/es\/wp-json\/wp\/v2\/media\/23481"}],"wp:attachment":[{"href":"https:\/\/www.uxban.com\/es\/wp-json\/wp\/v2\/media?parent=23480"}],"wp:term":[{"taxonomy":"category","embeddable":true,"href":"https:\/\/www.uxban.com\/es\/wp-json\/wp\/v2\/categories?post=23480"},{"taxonomy":"post_tag","embeddable":true,"href":"https:\/\/www.uxban.com\/es\/wp-json\/wp\/v2\/tags?post=23480"}],"curies":[{"name":"wp","href":"https:\/\/api.w.org\/{rel}","templated":true}]}}