{"id":22938,"date":"2021-04-28T10:30:12","date_gmt":"2021-04-28T08:30:12","guid":{"rendered":"https:\/\/www.uxban.com\/?p=22938"},"modified":"2021-04-20T14:03:13","modified_gmt":"2021-04-20T12:03:13","slug":"los-edificios-mas-representativos-de-la-arquitectura-moderna-en-espana","status":"publish","type":"post","link":"https:\/\/www.uxban.com\/es\/2021\/04\/28\/los-edificios-mas-representativos-de-la-arquitectura-moderna-en-espana\/","title":{"rendered":"Los edificios m\u00e1s representativos de la arquitectura moderna en Espa\u00f1a"},"content":{"rendered":"<p style=\"text-align: justify;\">La arquitectura moderna en Espa\u00f1a es un movimiento que comenz\u00f3 a finales del siglo XIX y comienzos del XX. En ellas prima adem\u00e1s del dise\u00f1o de l\u00edneas simples y rectas y la funcionalidad es la necesidad de integrarse en el entorno.<\/p>\n<p style=\"text-align: justify;\">Si pensamos en edificios o viviendas representativas de arquitectura moderna en Espa\u00f1a nuestra mente viaja directamente a Barcelona con su Sagrada Familia, Torre Agbar, Casa Batll\u00f3, etc que son obras cumbre de este movimiento est\u00e9tico pero hay muchas m\u00e1s muestras arquitect\u00f3nicas a lo largo de la geograf\u00eda espa\u00f1ola.<\/p>\n<p style=\"text-align: justify;\">\n<p style=\"text-align: justify;\"><strong>La Ciudad de las Artes y la Ciencia (Valencia)<\/strong><\/p>\n<p><img loading=\"lazy\" decoding=\"async\" class=\"size-full wp-image-22941\" src=\"https:\/\/www.uxban.com\/wp-content\/uploads\/2021\/04\/valencia-city-of-arts-and-sciences.jpg\" alt=\"\" width=\"1920\" height=\"1214\" srcset=\"https:\/\/www.uxban.com\/wp-content\/uploads\/2021\/04\/valencia-city-of-arts-and-sciences.jpg 1920w, https:\/\/www.uxban.com\/wp-content\/uploads\/2021\/04\/valencia-city-of-arts-and-sciences-1280x809.jpg 1280w, https:\/\/www.uxban.com\/wp-content\/uploads\/2021\/04\/valencia-city-of-arts-and-sciences-980x620.jpg 980w, https:\/\/www.uxban.com\/wp-content\/uploads\/2021\/04\/valencia-city-of-arts-and-sciences-480x304.jpg 480w\" sizes=\"auto, (min-width: 0px) and (max-width: 480px) 480px, (min-width: 481px) and (max-width: 980px) 980px, (min-width: 981px) and (max-width: 1280px) 1280px, (min-width: 1281px) 1920px, 100vw\" \/><\/p>\n<p style=\"text-align: justify;\">Santiago Calatrava fue el arquitecto que llev\u00f3 a cabo en 1989 este pol\u00e9mico pero magn\u00edfico proyecto compuesto por diversas construcciones (Hemisferic, Oceanografic, Museo de las Ciencias, etc) de imagen futurista.<\/p>\n<p style=\"text-align: justify;\">\n<p style=\"text-align: justify;\"><strong>Torre PWC (Madrid)<\/strong><\/p>\n<p style=\"text-align: justify;\">Uno de los elementos urbanos que definen a la arquitectura moderna y contempor\u00e1nea en todo el mundo son los rascacielos. En Madrid la torre<\/p>\n<p style=\"text-align: justify;\">PWC es uno de los mayores exponentes, dise\u00f1ada por Carlos Rubio Carvajal y Enrique \u00c1lvarez-Sala Walter es el tercer rascacielos m\u00e1s alto de Espa\u00f1a y el s\u00e9ptimo de la Uni\u00f3n Europea, gracias a sus 236 metros.<\/p>\n<p style=\"text-align: justify;\">\n<p style=\"text-align: justify;\"><strong>Bodegas Ysios (\u00c1lava)<\/strong><\/p>\n<p style=\"text-align: justify;\">Considerada la bodega riojana m\u00e1s innovadora de la Denominaci\u00f3n de Origen Rioja cuenta con un dise\u00f1o \u00fanico de la mano de Calatrava (que antes hemos visto en la ciudad de las Artes y la Ciencia de Valencia). Una de las m\u00e1ximas de este proyecto arquitect\u00f3nico que de inicio puede parecer demasiado atrevido lo cierto es que se integra perfectamente con el paisaje de la sierra que alberga a esta bodega centenaria.<\/p>\n<p style=\"text-align: justify;\">\n<p style=\"text-align: justify;\"><strong>La Sagrada Familia (Barcelona)<\/strong><\/p>\n<p style=\"text-align: justify;\">Comenz\u00f3 su construcci\u00f3n en el a\u00f1o 1882 y su arquitecto originariamente no fue Gaud\u00ed que se encarg\u00f3 del proyecto un a\u00f1o despu\u00e9s de haber comenzado. Este magn\u00edfico templo cargado de simbolismo religioso fue ideada por Gaudi con 18 torres aunque solo una de ellas fue terminada antes de la muerte del arquitecto.<\/p>\n<p style=\"text-align: justify;\">A\u00fan inacabada es de visita obligada a Barcelona.<\/p>\n<p style=\"text-align: justify;\">\n<p style=\"text-align: justify;\"><strong>Metropol Parasol (Sevilla)<\/strong><br \/>\nMetropol Parasol o como se le conoce tambi\u00e9n \u201cLas Setas de la Encarnaci\u00f3n\u201d, dise\u00f1ada por el arquitecto alem\u00e1n Jurgen Mayer es una aut\u00e9ntica joya para los fot\u00f3grafos y una visita obligada para todos aquellos que quieren conocer Sevilla desde una perspectiva \u00fanica.<\/p>\n<p style=\"text-align: justify;\">\n<p style=\"text-align: justify;\"><strong>Museo Guggenheim (Bilbao)<\/strong><\/p>\n<p><img loading=\"lazy\" decoding=\"async\" class=\"size-full wp-image-22943\" src=\"https:\/\/www.uxban.com\/wp-content\/uploads\/2021\/04\/tourist-taking-photos-with-mobile-of-guggenheim-museum-travel-photography-photography-concept.jpg\" alt=\"\" width=\"1920\" height=\"1279\" srcset=\"https:\/\/www.uxban.com\/wp-content\/uploads\/2021\/04\/tourist-taking-photos-with-mobile-of-guggenheim-museum-travel-photography-photography-concept.jpg 1920w, https:\/\/www.uxban.com\/wp-content\/uploads\/2021\/04\/tourist-taking-photos-with-mobile-of-guggenheim-museum-travel-photography-photography-concept-1280x853.jpg 1280w, https:\/\/www.uxban.com\/wp-content\/uploads\/2021\/04\/tourist-taking-photos-with-mobile-of-guggenheim-museum-travel-photography-photography-concept-980x653.jpg 980w, https:\/\/www.uxban.com\/wp-content\/uploads\/2021\/04\/tourist-taking-photos-with-mobile-of-guggenheim-museum-travel-photography-photography-concept-480x320.jpg 480w\" sizes=\"auto, (min-width: 0px) and (max-width: 480px) 480px, (min-width: 481px) and (max-width: 980px) 980px, (min-width: 981px) and (max-width: 1280px) 1280px, (min-width: 1281px) 1920px, 100vw\" \/><\/p>\n<p style=\"text-align: justify;\">Desde el a\u00f1o 1997 el Guggenheim de Bilbao (Pa\u00eds Vasco), dise\u00f1ado por Frank Gehry, es, junto con su perro y ara\u00f1a gigantes del exterior, el gran s\u00edmbolo de la modernidad y el arte de la urbe. Este museo que pertenece a la Fundaci\u00f3n Guggenheim alberga tambi\u00e9n en su interior reconocidas obras de arte contempor\u00e1neo. Un lujo de visita tanto por dentro como por fuera.<\/p>\n<p style=\"text-align: justify;\">\n<p style=\"text-align: justify;\"><strong>T4- Aeropuerto Adolfo Suarez Madrid Barajas<\/strong><\/p>\n<p style=\"text-align: justify;\">Esta terminal situada a 3 km del antiguo aeropuerto de Barajas (terminales T1, T2 y T3) consta de tres edificios creados a la lim\u00f3n por por Estudio Lamela+Richard Rogers Partnership es ic\u00f3nica por su techo ondulado y los ca\u00f1ones de luz abiertos en el techo.<\/p>\n<p style=\"text-align: justify;\">\n<p>&nbsp;<\/p>\n<p>&nbsp;<\/p>\n<p>&nbsp;<\/p>\n","protected":false},"excerpt":{"rendered":"<p>La arquitectura moderna en Espa\u00f1a es un movimiento que comenz\u00f3 a finales del siglo XIX y comienzos del XX. En ellas prima adem\u00e1s del dise\u00f1o de l\u00edneas simples y rectas y la funcionalidad es la necesidad de integrarse en el entorno. Si pensamos en edificios o viviendas representativas de arquitectura moderna en Espa\u00f1a nuestra mente [&hellip;]<\/p>\n","protected":false},"author":12,"featured_media":22939,"comment_status":"open","ping_status":"open","sticky":false,"template":"","format":"standard","meta":{"_et_pb_use_builder":"","_et_pb_old_content":"","_et_gb_content_width":"","footnotes":""},"categories":[12,18,1621,1624,1636,1805],"tags":[311,1773,1820,1821,1822,1823],"class_list":["post-22938","post","type-post","status-publish","format-standard","has-post-thumbnail","hentry","category-portada","category-interiorismo","category-viajes","category-arte-2","category-trends","category-lujo","tag-diseno-y-arte","tag-edificios-singulares","tag-arquitectura-moderna","tag-espana","tag-cultura","tag-edificios-representativos"],"acf":[],"_links":{"self":[{"href":"https:\/\/www.uxban.com\/es\/wp-json\/wp\/v2\/posts\/22938","targetHints":{"allow":["GET"]}}],"collection":[{"href":"https:\/\/www.uxban.com\/es\/wp-json\/wp\/v2\/posts"}],"about":[{"href":"https:\/\/www.uxban.com\/es\/wp-json\/wp\/v2\/types\/post"}],"author":[{"embeddable":true,"href":"https:\/\/www.uxban.com\/es\/wp-json\/wp\/v2\/users\/12"}],"replies":[{"embeddable":true,"href":"https:\/\/www.uxban.com\/es\/wp-json\/wp\/v2\/comments?post=22938"}],"version-history":[{"count":2,"href":"https:\/\/www.uxban.com\/es\/wp-json\/wp\/v2\/posts\/22938\/revisions"}],"predecessor-version":[{"id":22946,"href":"https:\/\/www.uxban.com\/es\/wp-json\/wp\/v2\/posts\/22938\/revisions\/22946"}],"wp:featuredmedia":[{"embeddable":true,"href":"https:\/\/www.uxban.com\/es\/wp-json\/wp\/v2\/media\/22939"}],"wp:attachment":[{"href":"https:\/\/www.uxban.com\/es\/wp-json\/wp\/v2\/media?parent=22938"}],"wp:term":[{"taxonomy":"category","embeddable":true,"href":"https:\/\/www.uxban.com\/es\/wp-json\/wp\/v2\/categories?post=22938"},{"taxonomy":"post_tag","embeddable":true,"href":"https:\/\/www.uxban.com\/es\/wp-json\/wp\/v2\/tags?post=22938"}],"curies":[{"name":"wp","href":"https:\/\/api.w.org\/{rel}","templated":true}]}}