{"id":10924,"date":"2019-06-05T10:55:31","date_gmt":"2019-06-05T08:55:31","guid":{"rendered":"https:\/\/www.uxban.com\/blog\/?p=10924"},"modified":"2020-01-21T10:22:13","modified_gmt":"2020-01-21T09:22:13","slug":"tips-e-ideas-de-decoracion-de-interiores-para-seguir-las-tendencias-del-verano","status":"publish","type":"post","link":"https:\/\/www.uxban.com\/es\/2019\/06\/05\/tips-e-ideas-de-decoracion-de-interiores-para-seguir-las-tendencias-del-verano\/","title":{"rendered":"Tips e ideas de decoraci\u00f3n de interiores para seguir las tendencias del verano"},"content":{"rendered":"<p style=\"text-align: justify;\">A punto de comenzar el verano, y ya tenemos en el horizonte las <strong>pr\u00f3ximas tendencias para nuestros hogares<\/strong> y las diferentes ideas que nos dar\u00e1n paso al buen tiempo.<\/p>\n<p style=\"text-align: justify;\">Este a\u00f1o hay un rey muy claro en nuestra decoraci\u00f3n y se trata de l<strong>a madre selva.<\/strong> Los estampados de <strong>hojas y flores<\/strong> van a predominar para dar la bienvenida a la naturaleza.<\/p>\n<p style=\"text-align: justify;\"><a href=\"http:\/\/www.uxban.com\/wp-content\/uploads\/2019\/06\/dise\u00f1overano.jpg\"><img loading=\"lazy\" decoding=\"async\" class=\"alignnone size-full wp-image-10926\" alt=\"dise\u00f1overano\" src=\"http:\/\/www.uxban.com\/wp-content\/uploads\/2019\/06\/dise\u00f1overano.jpg\" width=\"900\" height=\"584\" \/><\/a><\/p>\n<p style=\"text-align: justify;\">En cuanto a colores, los <strong>verdes y tonos c\u00e1lidos predominan,<\/strong> mientras que, en <strong>estampados, los motivos \u00e9tnicos y florales<\/strong> dar\u00e1n el toque \u201catrevido\u201d sin olvidarnos del mimbre o la madera para los elementos decorativos o los muebles principales.<\/p>\n<p style=\"text-align: justify;\">Pero si hablamos de los detalles y los elementos m\u00e1s vistosos de las estancias, os proponemos <strong>usar el brillante y maleable lat\u00f3n,<\/strong> ya que este 2019 es una referencia para la \u00e9poca de m\u00e1s calor y su versatilidad nos ayudar\u00e1 a usarlo en cualquier rinc\u00f3n de la casa.<\/p>\n<p style=\"text-align: justify;\"><a href=\"http:\/\/www.uxban.com\/wp-content\/uploads\/2019\/06\/4.01-General-Pardinas.jpg\"><img loading=\"lazy\" decoding=\"async\" class=\"alignnone size-full wp-image-10925\" alt=\"decoracion interiores\" src=\"http:\/\/www.uxban.com\/wp-content\/uploads\/2019\/06\/4.01-General-Pardinas.jpg\" width=\"1900\" height=\"1200\" \/><\/a><\/p>\n<p style=\"text-align: justify;\">Tambi\u00e9n existen dise\u00f1os para las paredes como <strong>vinilos o papel de pared<\/strong>, que emulan sitios <strong>paradis\u00edacos<\/strong> y nos permite tener nuestro exterior en el propio sal\u00f3n o en el dormitorio, dando mayor sensaci\u00f3n de libertad y amplitud, porque no todos podemos tener un jard\u00edn frondoso con \u00e1rboles al que acudir en estos d\u00edas de altas temperaturas.<\/p>\n<p style=\"text-align: justify;\"><a href=\"http:\/\/www.uxban.com\/wp-content\/uploads\/2019\/06\/dise\u00f1overano2.jpg\"><img loading=\"lazy\" decoding=\"async\" class=\"alignnone size-full wp-image-10927\" alt=\"dise\u00f1overano2\" src=\"http:\/\/www.uxban.com\/wp-content\/uploads\/2019\/06\/dise\u00f1overano2.jpg\" width=\"900\" height=\"584\" \/><\/a><\/p>\n<p style=\"text-align: justify;\">Pero desde luego, no debemos olvidarnos del <strong>trendig topic por excelencia<\/strong> en la decoraci\u00f3n veraniega\u2026 <strong>\u00a1las plantas!<\/strong><\/p>\n<p style=\"text-align: justify;\">Decora tus rincones con plantas naturales de temporada como la <strong>lavanda o los geranios<\/strong>. Es muy importante tener en cuenta la cantidad de luz que necesitar\u00e1 cada tipo de planta a la hora de adquirirlas, ya que, si disponemos de espacios con poca luz, es preferible escoger plantas que no necesiten mucha iluminaci\u00f3n.<\/p>\n<p style=\"text-align: justify;\">Si no, la alternativa siempre ser\u00e1n las plantas artificiales, que dar\u00e1n color y vida perpetua a esta esplendida \u00e9poca del a\u00f1o.<\/p>\n","protected":false},"excerpt":{"rendered":"<p>A punto de comenzar el verano, y ya tenemos en el horizonte las pr\u00f3ximas tendencias para nuestros hogares y las diferentes ideas que nos dar\u00e1n paso al buen tiempo. Este a\u00f1o hay un rey muy claro en nuestra decoraci\u00f3n y se trata de la madre selva. Los estampados de hojas y flores van a predominar [&hellip;]<\/p>\n","protected":false},"author":10,"featured_media":11147,"comment_status":"open","ping_status":"open","sticky":false,"template":"","format":"standard","meta":{"_et_pb_use_builder":"","_et_pb_old_content":"","_et_gb_content_width":"","footnotes":""},"categories":[12,1637],"tags":[66,68,114,525,986],"class_list":["post-10924","post","type-post","status-publish","format-standard","has-post-thumbnail","hentry","category-portada","category-hogar-2","tag-diseno-interiores","tag-interiorismo-2","tag-decoracion-de-lujo","tag-tendencias","tag-tendencias-decoracion"],"acf":[],"_links":{"self":[{"href":"https:\/\/www.uxban.com\/es\/wp-json\/wp\/v2\/posts\/10924","targetHints":{"allow":["GET"]}}],"collection":[{"href":"https:\/\/www.uxban.com\/es\/wp-json\/wp\/v2\/posts"}],"about":[{"href":"https:\/\/www.uxban.com\/es\/wp-json\/wp\/v2\/types\/post"}],"author":[{"embeddable":true,"href":"https:\/\/www.uxban.com\/es\/wp-json\/wp\/v2\/users\/10"}],"replies":[{"embeddable":true,"href":"https:\/\/www.uxban.com\/es\/wp-json\/wp\/v2\/comments?post=10924"}],"version-history":[{"count":2,"href":"https:\/\/www.uxban.com\/es\/wp-json\/wp\/v2\/posts\/10924\/revisions"}],"predecessor-version":[{"id":11251,"href":"https:\/\/www.uxban.com\/es\/wp-json\/wp\/v2\/posts\/10924\/revisions\/11251"}],"wp:featuredmedia":[{"embeddable":true,"href":"https:\/\/www.uxban.com\/es\/wp-json\/wp\/v2\/media\/11147"}],"wp:attachment":[{"href":"https:\/\/www.uxban.com\/es\/wp-json\/wp\/v2\/media?parent=10924"}],"wp:term":[{"taxonomy":"category","embeddable":true,"href":"https:\/\/www.uxban.com\/es\/wp-json\/wp\/v2\/categories?post=10924"},{"taxonomy":"post_tag","embeddable":true,"href":"https:\/\/www.uxban.com\/es\/wp-json\/wp\/v2\/tags?post=10924"}],"curies":[{"name":"wp","href":"https:\/\/api.w.org\/{rel}","templated":true}]}}