{"id":10826,"date":"2019-03-27T11:39:23","date_gmt":"2019-03-27T10:39:23","guid":{"rendered":"https:\/\/www.uxban.com\/blog\/?p=10826"},"modified":"2020-01-21T10:22:14","modified_gmt":"2020-01-21T09:22:14","slug":"uxban-estrena-nueva-vivienda-en-almirante-26","status":"publish","type":"post","link":"https:\/\/www.uxban.com\/es\/2019\/03\/27\/uxban-estrena-nueva-vivienda-en-almirante-26\/","title":{"rendered":"UXBAN estrena nueva vivienda en Almirante 26"},"content":{"rendered":"<p style=\"text-align: justify;\">Uxban acaba de estrenar su \u00faltima <strong>vivienda de lujo<\/strong> rehabilitada. La vivienda se encuentra en pleno <strong>centro de Madrid<\/strong>, en el distrito de Justicia, en la <strong>Calle Almirante, 26.<\/strong><\/p>\n<h2 style=\"text-align: justify;\">Una vivienda ubicada en una zona privilegiada<\/h2>\n<p style=\"text-align: justify;\">Una <strong>ubicaci\u00f3n fant\u00e1stica<\/strong>, a escasos metros de algunos de los lugares m\u00e1s emblem\u00e1ticos de Madrid como, la Puerta de Alcal\u00e1, la Fuente de Cibeles y la Plaza de Col\u00f3n. El <strong>distrito de Justicia<\/strong> se ha convertido en una zona privilegiada para vivir gracias a sus caracter\u00edsticas especiales y a su ubicaci\u00f3n.<\/p>\n<p style=\"text-align: justify;\">El edificio fue construido en 1900 y hoy en d\u00eda, <strong>sigue manteniendo la fachada original,<\/strong> uno de sus principales atractivos arquitect\u00f3nicos, que recuerda la elegancia y el encanto de este barrio.<\/p>\n<p style=\"text-align: justify;\"><a href=\"http:\/\/www.uxban.com\/wp-content\/uploads\/2019\/10\/UXBAN-Extras-Almirante-26-15.jpg\"><img loading=\"lazy\" decoding=\"async\" class=\"alignnone size-full wp-image-10828\" alt=\"Fachada Almirante\" src=\"http:\/\/www.uxban.com\/wp-content\/uploads\/2019\/10\/UXBAN-Extras-Almirante-26-15.jpg\" width=\"1920\" height=\"1213\" \/><\/a><\/p>\n<h2>Vivienda de lujo con una distribuci\u00f3n perfecta<\/h2>\n<p style=\"text-align: justify;\">Exclusiva <strong>vivienda exterior de 237 metros cuadrados<\/strong> construidos, situada en una segunda planta. Cuenta con una distribuci\u00f3n ideal, con dos zonas claramente diferenciadas.<\/p>\n<p style=\"text-align: justify;\">El <strong>ala derecha de la casa con zonas comunes<\/strong> donde encontramos el recibidor con un armario que dispone de un gran espacio de almacenaje, el sal\u00f3n, el comedor y la cocina. Y el <strong>ala izquierda, la zona m\u00e1s tranquila de la casa<\/strong>, en la que se dispone de tres dormitorios, tres ba\u00f1os, un aseo de cortes\u00eda y un lavadero. Esto la convierte en una <strong>vivienda pr\u00e1ctica y bien estructurada.<\/strong><\/p>\n<p style=\"text-align: justify;\"><a href=\"http:\/\/www.uxban.com\/wp-content\/uploads\/2019\/10\/UXBAN-Almirante-26-07.jpg\"><img loading=\"lazy\" decoding=\"async\" class=\"alignnone size-full wp-image-10829\" alt=\"Recibidor-Almirante\" src=\"http:\/\/www.uxban.com\/wp-content\/uploads\/2019\/10\/UXBAN-Almirante-26-07.jpg\" width=\"1920\" height=\"1213\" \/><\/a><\/p>\n<p style=\"text-align: justify;\"><a href=\"http:\/\/www.uxban.com\/wp-content\/uploads\/2019\/10\/UXBAN-Almirante-26-08.jpg\"><img loading=\"lazy\" decoding=\"async\" class=\"alignnone size-full wp-image-10830\" alt=\"Entrada-Almirante\" src=\"http:\/\/www.uxban.com\/wp-content\/uploads\/2019\/10\/UXBAN-Almirante-26-08.jpg\" width=\"1920\" height=\"1214\" \/><\/a><\/p>\n<h2>Zonas comunes diferenciales<\/h2>\n<p style=\"text-align: justify;\">La vivienda dispone de una <strong>cocina, innovadora y funcional<\/strong> en un ambiente diferente, que cuenta con una <strong>gran isla Porto Dark<\/strong>, una piedra tra\u00edda directamente de <strong>Rep\u00fablica Dominicana.<\/strong> Esta piedra protagoniza el espacio, convirti\u00e9ndolo en uno de los m\u00e1s exclusivos, personales y funcionales.<\/p>\n<p style=\"text-align: justify;\"><a href=\"http:\/\/www.uxban.com\/wp-content\/uploads\/2019\/10\/UXBAN-Almirante-26-06.jpg\"><img loading=\"lazy\" decoding=\"async\" class=\"alignnone size-full wp-image-10831\" alt=\"Cocina-Almirante\" src=\"http:\/\/www.uxban.com\/wp-content\/uploads\/2019\/10\/UXBAN-Almirante-26-06.jpg\" width=\"1920\" height=\"1212\" \/><\/a><\/p>\n<p style=\"text-align: justify;\"><a href=\"http:\/\/www.uxban.com\/wp-content\/uploads\/2019\/10\/UXBAN-Almirante-26-05.jpg\"><img loading=\"lazy\" decoding=\"async\" class=\"alignnone size-full wp-image-10832\" alt=\"Cocina-Almirante\" src=\"http:\/\/www.uxban.com\/wp-content\/uploads\/2019\/10\/UXBAN-Almirante-26-05.jpg\" width=\"1920\" height=\"1213\" \/><\/a><\/p>\n<p style=\"text-align: justify;\">La estancia, est\u00e1 provista de <strong>electrodom\u00e9sticos de alta gama<\/strong> con las mejores prestaciones del mercado, destacando una campana extractora integrada en la vitrocer\u00e1mica lo que crea un espacio limpio visualmente, pero sin prescindir de una <strong>cocina totalmente equipada.<\/strong><\/p>\n<p style=\"text-align: justify;\"><a href=\"http:\/\/www.uxban.com\/wp-content\/uploads\/2019\/10\/UXBAN-Almirante-26-04.jpg\"><img loading=\"lazy\" decoding=\"async\" class=\"alignnone size-full wp-image-10833\" alt=\"Cocina-Almirante\" src=\"http:\/\/www.uxban.com\/wp-content\/uploads\/2019\/10\/UXBAN-Almirante-26-04.jpg\" width=\"1920\" height=\"1213\" \/><\/a><\/p>\n<p style=\"text-align: justify;\">Seguidamente, encontramos un <strong>espacioso sal\u00f3n y comedor<\/strong>, que cuenta con <strong>tres grandes ventanales que crean una luminosidad \u00fanica<\/strong> en toda la vivienda. Adem\u00e1s, las paredes blancas nos ayudan a obtener una mayor claridad, pudiendo combinarlo con diferentes elementos de dise\u00f1o, muebles de estilo \u00fanico y una madera maciza de roble.<\/p>\n<p style=\"text-align: justify;\"><a href=\"http:\/\/www.uxban.com\/wp-content\/uploads\/2019\/10\/UXBAN-Almirante-26-01.jpg\"><img loading=\"lazy\" decoding=\"async\" class=\"alignnone size-full wp-image-10834\" alt=\"Salon-Almirante\" src=\"http:\/\/www.uxban.com\/wp-content\/uploads\/2019\/10\/UXBAN-Almirante-26-01.jpg\" width=\"1920\" height=\"1214\" \/><\/a><\/p>\n<p style=\"text-align: justify;\"><a href=\"http:\/\/www.uxban.com\/wp-content\/uploads\/2019\/10\/UXBAN-Almirante-26-03.jpg\"><img loading=\"lazy\" decoding=\"async\" class=\"alignnone size-full wp-image-10835\" alt=\"Salon-Almirante\" src=\"http:\/\/www.uxban.com\/wp-content\/uploads\/2019\/10\/UXBAN-Almirante-26-03.jpg\" width=\"1920\" height=\"1215\" \/><\/a><\/p>\n<p style=\"text-align: justify;\">No podemos olvidarnos de la<strong> incre\u00edble chimenea<\/strong> situada frente al sof\u00e1; aportando un toque exclusivo y acogedor a la estancia. Las chimeneas lograr trasmitir esa <strong>sensaci\u00f3n de calidez, de hogar,<\/strong> como pocas cosas. Nos regalan momentos \u00fanicos como c\u00e1lidas noches invernales entre copas y amigos, un buen libro, tardes familiares,\u00a0 horas y horas mirando al fuego; en fin, las chimeneas cuentan con un <strong>gran poder de atracci\u00f3n y aportan un gran plus de estilo<\/strong> a la estancia.<\/p>\n<p style=\"text-align: justify;\"><a href=\"http:\/\/www.uxban.com\/wp-content\/uploads\/2019\/10\/UXBAN-Almirante-26-02.jpg\"><img loading=\"lazy\" decoding=\"async\" class=\"alignnone size-full wp-image-10836\" alt=\"Chimenea-Almirante\" src=\"http:\/\/www.uxban.com\/wp-content\/uploads\/2019\/10\/UXBAN-Almirante-26-02.jpg\" width=\"1920\" height=\"1217\" \/><\/a><\/p>\n<h2>Zona de descanso<\/h2>\n<p style=\"text-align: justify;\">En la zona m\u00e1s tranquila de la vivienda, situada en el ala izquierda, encontramos un recibidor que da acceso a t<strong>res grandes dormitorios<\/strong>, todos ellos con <strong>vestidor propio y ba\u00f1o en suite<\/strong>, adem\u00e1s de disponer de una zona de lavadero y un aseo de cortes\u00eda para invitados.<\/p>\n<p style=\"text-align: justify;\"><a href=\"http:\/\/www.uxban.com\/wp-content\/uploads\/2019\/10\/UXBAN-Almirante-26-09.jpg\"><img loading=\"lazy\" decoding=\"async\" class=\"alignnone size-full wp-image-10837\" alt=\"Habitacion-Almirante\" src=\"http:\/\/www.uxban.com\/wp-content\/uploads\/2019\/10\/UXBAN-Almirante-26-09.jpg\" width=\"1920\" height=\"1212\" \/><\/a><\/p>\n<p style=\"text-align: justify;\"><a href=\"http:\/\/www.uxban.com\/wp-content\/uploads\/2019\/10\/UXBAN-Almirante-26-10.jpg\"><img loading=\"lazy\" decoding=\"async\" class=\"alignnone size-full wp-image-10838\" alt=\"Habitacion-Almirante\" src=\"http:\/\/www.uxban.com\/wp-content\/uploads\/2019\/10\/UXBAN-Almirante-26-10.jpg\" width=\"1920\" height=\"1214\" \/><\/a><\/p>\n<p style=\"text-align: justify;\"><a href=\"http:\/\/www.uxban.com\/wp-content\/uploads\/2019\/10\/UXBAN-Almirante-26-11.jpg\"><img loading=\"lazy\" decoding=\"async\" class=\"alignnone size-full wp-image-10839\" alt=\"Ba\u00f1o-Almirante\" src=\"http:\/\/www.uxban.com\/wp-content\/uploads\/2019\/10\/UXBAN-Almirante-26-11.jpg\" width=\"1920\" height=\"1238\" \/><\/a><\/p>\n<p style=\"text-align: justify;\">En esta parte de la casa, encontramos de nuevo una caracter\u00edstica en com\u00fan, las paredes blancas combinadas en este caso, con muebles en colores neutros aportando equilibro a esta zona de descanso.<\/p>\n<p style=\"text-align: justify;\"><a href=\"http:\/\/www.uxban.com\/wp-content\/uploads\/2019\/10\/UXBAN-Almirante-26-12.jpg\"><img loading=\"lazy\" decoding=\"async\" class=\"alignnone size-full wp-image-10840\" alt=\"Habitacion-Almirante\" src=\"http:\/\/www.uxban.com\/wp-content\/uploads\/2019\/10\/UXBAN-Almirante-26-12.jpg\" width=\"1920\" height=\"1212\" \/><\/a><\/p>\n<p style=\"text-align: justify;\"><a href=\"http:\/\/www.uxban.com\/wp-content\/uploads\/2019\/10\/UXBAN-Almirante-26-13.jpg\"><img loading=\"lazy\" decoding=\"async\" class=\"alignnone size-full wp-image-10841\" alt=\"Ba\u00f1o-Almirante\" src=\"http:\/\/www.uxban.com\/wp-content\/uploads\/2019\/10\/UXBAN-Almirante-26-13.jpg\" width=\"1920\" height=\"1213\" \/><\/a><\/p>\n<p style=\"text-align: justify;\"><a href=\"http:\/\/www.uxban.com\/wp-content\/uploads\/2019\/10\/UXBAN-Almirante-26-14.jpg\"><img loading=\"lazy\" decoding=\"async\" class=\"alignnone size-full wp-image-10842\" alt=\"Habitacion-Almirante\" src=\"http:\/\/www.uxban.com\/wp-content\/uploads\/2019\/10\/UXBAN-Almirante-26-14.jpg\" width=\"1920\" height=\"1209\" \/><\/a><\/p>\n<p style=\"text-align: justify;\">Si quiere ampliar informaci\u00f3n y organizar una visita no dude en contactarnos.<\/p>\n<p><b>A la venta en <\/b><a href=\"https:\/\/www.idealista.com\/inmueble\/84622969\/\" target=\"_blank\" rel=\"noopener\"><b>Idealista<\/b><\/a><\/p>\n","protected":false},"excerpt":{"rendered":"<p>Uxban acaba de estrenar su \u00faltima vivienda de lujo rehabilitada. La vivienda se encuentra en pleno centro de Madrid, en el distrito de Justicia, en la Calle Almirante, 26. Una vivienda ubicada en una zona privilegiada Una ubicaci\u00f3n fant\u00e1stica, a escasos metros de algunos de los lugares m\u00e1s emblem\u00e1ticos de Madrid como, la Puerta de [&hellip;]<\/p>\n","protected":false},"author":10,"featured_media":11187,"comment_status":"open","ping_status":"open","sticky":false,"template":"","format":"standard","meta":{"_et_pb_use_builder":"","_et_pb_old_content":"","_et_gb_content_width":"","footnotes":""},"categories":[12,22],"tags":[1615,54,449,1014,1354,1614],"class_list":["post-10826","post","type-post","status-publish","format-standard","has-post-thumbnail","hentry","category-portada","category-viviendas-singulares","tag-vivienda-de-lujo","tag-rehabilitacion","tag-lujo","tag-madrid","tag-reformas","tag-distrito-justicia"],"acf":[],"_links":{"self":[{"href":"https:\/\/www.uxban.com\/es\/wp-json\/wp\/v2\/posts\/10826","targetHints":{"allow":["GET"]}}],"collection":[{"href":"https:\/\/www.uxban.com\/es\/wp-json\/wp\/v2\/posts"}],"about":[{"href":"https:\/\/www.uxban.com\/es\/wp-json\/wp\/v2\/types\/post"}],"author":[{"embeddable":true,"href":"https:\/\/www.uxban.com\/es\/wp-json\/wp\/v2\/users\/10"}],"replies":[{"embeddable":true,"href":"https:\/\/www.uxban.com\/es\/wp-json\/wp\/v2\/comments?post=10826"}],"version-history":[{"count":2,"href":"https:\/\/www.uxban.com\/es\/wp-json\/wp\/v2\/posts\/10826\/revisions"}],"predecessor-version":[{"id":20661,"href":"https:\/\/www.uxban.com\/es\/wp-json\/wp\/v2\/posts\/10826\/revisions\/20661"}],"wp:featuredmedia":[{"embeddable":true,"href":"https:\/\/www.uxban.com\/es\/wp-json\/wp\/v2\/media\/11187"}],"wp:attachment":[{"href":"https:\/\/www.uxban.com\/es\/wp-json\/wp\/v2\/media?parent=10826"}],"wp:term":[{"taxonomy":"category","embeddable":true,"href":"https:\/\/www.uxban.com\/es\/wp-json\/wp\/v2\/categories?post=10826"},{"taxonomy":"post_tag","embeddable":true,"href":"https:\/\/www.uxban.com\/es\/wp-json\/wp\/v2\/tags?post=10826"}],"curies":[{"name":"wp","href":"https:\/\/api.w.org\/{rel}","templated":true}]}}