{"id":10733,"date":"2019-01-23T19:29:53","date_gmt":"2019-01-23T18:29:53","guid":{"rendered":"https:\/\/www.uxban.com\/blog\/?p=10733"},"modified":"2020-01-21T10:22:14","modified_gmt":"2020-01-21T09:22:14","slug":"general-pardinas-vivienda-de-lujo","status":"publish","type":"post","link":"https:\/\/www.uxban.com\/es\/2019\/01\/23\/general-pardinas-vivienda-de-lujo\/","title":{"rendered":"UXBAN General Pardi\u00f1as, Vivienda de Lujo Lista para Entrar a Vivir"},"content":{"rendered":"<p>UXBAN acaba de estrenar su <strong>\u00faltima vivienda de lujo rehabilitada<\/strong> en la capital madrile\u00f1a. Se trata de un inmueble situado en la calle <strong>General Pardi\u00f1as<\/strong>, en pleno coraz\u00f3n del exclusivo Barrio de Salamanca. Un barrio que se caracteriza por la tranquilidad de sus calles pero por ser la mejor <strong>zona de ocio y compras de Madrid.<\/strong>\u00a0Concretamente, esta vivienda se localiza en un edificio de corte cl\u00e1sico de 1953 con jard\u00edn en su entrada.<\/p>\n<p><a href=\"http:\/\/www.uxban.com\/wp-content\/uploads\/2019\/10\/UXBAN-General_Pardinas-2.jpg\"><img loading=\"lazy\" decoding=\"async\" class=\"aligncenter size-full wp-image-10736\" alt=\"UXBAN Vivienda rehabilitada General Pardi\u00f1as\" src=\"http:\/\/www.uxban.com\/wp-content\/uploads\/2019\/10\/UXBAN-General_Pardinas-2.jpg\" width=\"1920\" height=\"1213\" \/><\/a><\/p>\n<p>&nbsp;<\/p>\n<p>Tal y como acostumbramos en todas las <a href=\"https:\/\/www.uxban.com\/viviendas.html\">obras by UXBAN<\/a>, este exclusivo hogar se sit\u00faa en una <strong>zona residencial<\/strong> y al mismo tiempo<strong> en pleno coraz\u00f3n de la capital<\/strong>. Adem\u00e1s, su <strong>enclave es \u00fanico<\/strong> ya que el Barrio de Salamanca es uno de los m\u00e1s cotizados en Madrid. Y es que no todos los edificios tienen la suerte de contar con un jard\u00edn como bienvenida.<\/p>\n<div id=\"attachment_10734\" style=\"width: 1930px\" class=\"wp-caption aligncenter\"><a href=\"http:\/\/www.uxban.com\/wp-content\/uploads\/2019\/10\/UXBAN-General_Pardinas-3.jpg\"><img loading=\"lazy\" decoding=\"async\" aria-describedby=\"caption-attachment-10734\" class=\"size-full wp-image-10734\" alt=\"UXBAN Vivienda rehabilitada General Pardi\u00f1as\" src=\"http:\/\/www.uxban.com\/wp-content\/uploads\/2019\/10\/UXBAN-General_Pardinas-3.jpg\" width=\"1920\" height=\"1213\" \/><\/a><p id=\"caption-attachment-10734\" class=\"wp-caption-text\">UXBAN<\/p><\/div>\n<p>Esta vivienda dispone de <strong>145 m2 construidos y 123 m2 \u00fatiles de vivienda.\u00a0<\/strong>Se trata de un inmueble que cuenta con una <strong>distribuci\u00f3n ideal<\/strong> donde un recibidor da acceso a todas las estancias con las que cuenta. De entre todas ellas, el <strong>sal\u00f3n comunicado con el comedor<\/strong> junto con la cocina tomar\u00e1n todo el protagonismo debido a su car\u00e1cter espectacular.<\/p>\n<p><a href=\"http:\/\/www.uxban.com\/wp-content\/uploads\/2019\/10\/UXBAN-General_Pardinas-4.jpg\"><img loading=\"lazy\" decoding=\"async\" class=\"aligncenter size-full wp-image-10735\" alt=\"UXBAN-General_Pardinas-4\" src=\"http:\/\/www.uxban.com\/wp-content\/uploads\/2019\/10\/UXBAN-General_Pardinas-4.jpg\" width=\"1920\" height=\"1213\" \/><\/a><\/p>\n<p>&nbsp;<\/p>\n<p>El sal\u00f3n es especialmente<strong> luminoso gracias al gran ventanal<\/strong> que ocupa de un lado a otro de la estancia. Adem\u00e1s, las <strong>paredes blancas,<\/strong> as\u00ed como las cortinas en esta misma tonalidad nos ayudan a ganar a\u00fan m\u00e1s luz al hogar. Esto, junto con el\u00a0<strong>suelo de madera maciza de roble,<\/strong> ser\u00e1n dos elementos muy habituales en las viviendas reformadas by UXBAN.<\/p>\n<p><a href=\"http:\/\/www.uxban.com\/wp-content\/uploads\/2019\/10\/UXBAN-General_Pardinas-5.jpg\"><img loading=\"lazy\" decoding=\"async\" class=\"aligncenter size-full wp-image-10737\" alt=\"UXBAN Vivienda rehabilitada General Pardi\u00f1as\" src=\"http:\/\/www.uxban.com\/wp-content\/uploads\/2019\/10\/UXBAN-General_Pardinas-5.jpg\" width=\"1920\" height=\"1213\" \/><\/a><\/p>\n<p>Con esta misma est\u00e9tica llegamos al comedor y la cocina, ambas en una misma estancia y que comunican directamente con el sal\u00f3n. El blanco y la madera vuelven a ser protagonistas en el espacio ofreciendo gran luminosidad y un estilo \u00fanico al espacio.<\/p>\n<p><a href=\"http:\/\/www.uxban.com\/wp-content\/uploads\/2019\/10\/UXBAN-General_Pardinas-7.jpg\"><img loading=\"lazy\" decoding=\"async\" class=\"aligncenter size-full wp-image-10738\" alt=\"UXBAN Vivienda rehabilitada General Pardi\u00f1as\" src=\"http:\/\/www.uxban.com\/wp-content\/uploads\/2019\/10\/UXBAN-General_Pardinas-7.jpg\" width=\"1920\" height=\"1213\" \/><\/a><\/p>\n<p>&nbsp;<\/p>\n<p>La <strong>isla de cocina en el centro con una barra americana<\/strong> donde comer es otra firma apuesta de nuestro estudio. Sin duda, se trata de un <strong>concepto moderno<\/strong> que ofrece un<strong> toque muy sofisticado<\/strong> al hogar. Un aire urbano perfecto para una vivienda ubicada en el coraz\u00f3n de la ciudad.<\/p>\n<p><a href=\"http:\/\/www.uxban.com\/wp-content\/uploads\/2019\/10\/UXBAN-General_Pardinas-10.jpg\"><img loading=\"lazy\" decoding=\"async\" class=\"aligncenter size-full wp-image-10741\" alt=\"UXBAN Vivienda rehabilitada General Pardi\u00f1as\" src=\"http:\/\/www.uxban.com\/wp-content\/uploads\/2019\/10\/UXBAN-General_Pardinas-10.jpg\" width=\"1920\" height=\"1213\" \/><\/a><\/p>\n<p>&nbsp;<\/p>\n<p>La vivienda cuenta con tres dormitorios y tres ba\u00f1os. Estos mantienen ese car\u00e1cter moderno y a la vanguardia del dise\u00f1o que observamos en el resto de la casa. La madera y el blanco siguen siendo las grandes apuestas de UXBAN ya que ofrecen un estilo \u00fanico al espacio.<\/p>\n<p><a href=\"http:\/\/www.uxban.com\/wp-content\/uploads\/2019\/10\/UXBAN-General_Pardinas-8.jpg\"><img loading=\"lazy\" decoding=\"async\" class=\"aligncenter size-full wp-image-10739\" alt=\"UXBAN Vivienda rehabilitada General Pardi\u00f1as\" src=\"http:\/\/www.uxban.com\/wp-content\/uploads\/2019\/10\/UXBAN-General_Pardinas-8.jpg\" width=\"1920\" height=\"1213\" \/><\/a><\/p>\n<p>&nbsp;<\/p>\n<p><a href=\"http:\/\/www.uxban.com\/wp-content\/uploads\/2019\/10\/UXBAN-General_Pardinas-1.jpg\"><img loading=\"lazy\" decoding=\"async\" class=\"aligncenter size-full wp-image-10742\" alt=\"UXBAN Vivienda rehabilitada General Pardi\u00f1as\" src=\"http:\/\/www.uxban.com\/wp-content\/uploads\/2019\/10\/UXBAN-General_Pardinas-1.jpg\" width=\"1920\" height=\"1213\" \/><\/a> <a href=\"http:\/\/www.uxban.com\/wp-content\/uploads\/2019\/10\/UXBAN-General_Pardinas-91.jpg\"><img loading=\"lazy\" decoding=\"async\" class=\"aligncenter size-full wp-image-10743\" alt=\"UXBAN Vivienda rehabilitada General Pardi\u00f1as\" src=\"http:\/\/www.uxban.com\/wp-content\/uploads\/2019\/10\/UXBAN-General_Pardinas-91.jpg\" width=\"1920\" height=\"1213\" \/><\/a><\/p>\n<p>Esta fant\u00e1stica <strong>vivienda de lujo<\/strong> est\u00e1 disponible para entrar a vivir. \u00bfTe ha gustado? Encuentra m\u00e1s informaci\u00f3n en <strong><a href=\"https:\/\/www.idealista.com\/inmueble\/83910934\/\" target=\"_blank\" rel=\"noopener\">Idealista<\/a>.<\/strong><\/p>\n<p>&nbsp;<\/p>\n","protected":false},"excerpt":{"rendered":"<p>UXBAN acaba de estrenar su \u00faltima vivienda de lujo rehabilitada en la capital madrile\u00f1a. Se trata de un inmueble situado en la calle General Pardi\u00f1as, en pleno coraz\u00f3n del exclusivo Barrio de Salamanca. Un barrio que se caracteriza por la tranquilidad de sus calles pero por ser la mejor zona de ocio y compras de [&hellip;]<\/p>\n","protected":false},"author":4,"featured_media":11365,"comment_status":"open","ping_status":"open","sticky":false,"template":"","format":"standard","meta":{"_et_pb_use_builder":"","_et_pb_old_content":"","_et_gb_content_width":"","footnotes":""},"categories":[10,12,22],"tags":[54,449,1014,1354,1587],"class_list":["post-10733","post","type-post","status-publish","format-standard","has-post-thumbnail","hentry","category-noticias","category-portada","category-viviendas-singulares","tag-rehabilitacion","tag-lujo","tag-madrid","tag-reformas","tag-barrio-de-salmanca"],"acf":[],"_links":{"self":[{"href":"https:\/\/www.uxban.com\/es\/wp-json\/wp\/v2\/posts\/10733","targetHints":{"allow":["GET"]}}],"collection":[{"href":"https:\/\/www.uxban.com\/es\/wp-json\/wp\/v2\/posts"}],"about":[{"href":"https:\/\/www.uxban.com\/es\/wp-json\/wp\/v2\/types\/post"}],"author":[{"embeddable":true,"href":"https:\/\/www.uxban.com\/es\/wp-json\/wp\/v2\/users\/4"}],"replies":[{"embeddable":true,"href":"https:\/\/www.uxban.com\/es\/wp-json\/wp\/v2\/comments?post=10733"}],"version-history":[{"count":1,"href":"https:\/\/www.uxban.com\/es\/wp-json\/wp\/v2\/posts\/10733\/revisions"}],"predecessor-version":[{"id":11374,"href":"https:\/\/www.uxban.com\/es\/wp-json\/wp\/v2\/posts\/10733\/revisions\/11374"}],"wp:featuredmedia":[{"embeddable":true,"href":"https:\/\/www.uxban.com\/es\/wp-json\/wp\/v2\/media\/11365"}],"wp:attachment":[{"href":"https:\/\/www.uxban.com\/es\/wp-json\/wp\/v2\/media?parent=10733"}],"wp:term":[{"taxonomy":"category","embeddable":true,"href":"https:\/\/www.uxban.com\/es\/wp-json\/wp\/v2\/categories?post=10733"},{"taxonomy":"post_tag","embeddable":true,"href":"https:\/\/www.uxban.com\/es\/wp-json\/wp\/v2\/tags?post=10733"}],"curies":[{"name":"wp","href":"https:\/\/api.w.org\/{rel}","templated":true}]}}