{"id":1025,"date":"2014-02-10T22:18:35","date_gmt":"2014-02-10T21:18:35","guid":{"rendered":"http:\/\/uxban.com\/blog\/?p=1025"},"modified":"2019-11-26T12:32:30","modified_gmt":"2019-11-26T11:32:30","slug":"la-vela-incondicional-en-la-noche-de-san-valentin","status":"publish","type":"post","link":"https:\/\/www.uxban.com\/es\/2014\/02\/10\/la-vela-incondicional-en-la-noche-de-san-valentin\/","title":{"rendered":"La vela, un incondicional en la noche de San Valent\u00edn"},"content":{"rendered":"<p>La vela es, por excelencia, el elemento protagonista de cualquier noche rom\u00e1ntica. M\u00e1s a\u00fan si de lo que se trata es de celebrar el d\u00eda de los enamorados con una cena especial en casa donde <strong>el amor y la seducci\u00f3n son los ingredientes indiscutibles.<\/strong>\u00a0Para ello, recomendamos diferentes opciones,<strong> en funci\u00f3n de los gustos y efecto que queramos conseguir para esta velada rom\u00e1ntica.\u00a0<\/strong><\/p>\n<p><a href=\"http:\/\/www.uxban.com\/wp-content\/uploads\/2019\/10\/velas_noche_san_valentin.jpg\"><img loading=\"lazy\" decoding=\"async\" class=\"aligncenter size-full wp-image-1027\" alt=\"velas_noche_san_valentin\" src=\"http:\/\/www.uxban.com\/wp-content\/uploads\/2019\/10\/velas_noche_san_valentin.jpg\" width=\"600\" height=\"349\" \/><\/a><\/p>\n<p style=\"text-align: center;\"><strong>Set de tres copas-vela de <a href=\"http:\/\/www.casa.com\/p\/home-essentials-crackle-finish-hurricanes-set-of-3-524938?ici=ca_d_FBTImagetoPDP&amp;icn=Personalization_FBT&amp;ref=pd_ca_de_t5_fbt_d_1_im\" target=\"_blank\" rel=\"noopener noreferrer\">Casa Home Essentials<\/a><\/strong><\/p>\n<p>Cuando lo que queremos es mantener la elegancia y un estilo distinguido, este conjunto de copas albergando una vela se convierte en una excelente opci\u00f3n.<\/p>\n<p><a href=\"http:\/\/www.uxban.com\/wp-content\/uploads\/2019\/10\/portavelas_san_valentin.jpg\"><img loading=\"lazy\" decoding=\"async\" class=\"aligncenter size-full wp-image-1028\" alt=\"portavelas_san_valentin\" src=\"http:\/\/www.uxban.com\/wp-content\/uploads\/2019\/10\/portavelas_san_valentin.jpg\" width=\"600\" height=\"600\" \/><\/a><\/p>\n<p style=\"text-align: center;\"><strong>Portavelas cl\u00e1sico de <a href=\"http:\/\/www.maisonsdumonde.com\/ES\/es\/produits\/fiche\/portavelas-svign-110740.htm\" target=\"_blank\" rel=\"noopener noreferrer\">Maison du Monde<\/a><\/strong><\/p>\n<p style=\"text-align: left;\">El cl\u00e1sico de los cl\u00e1sicos. Este portavelas, no s\u00f3lo nos va a servir <strong>para crear un ambiente rom\u00e1ntico<\/strong>, sino que despu\u00e9s podr\u00e1 formar parte del resto de decoraci\u00f3n de la estancia.<\/p>\n<p><a href=\"http:\/\/www.uxban.com\/wp-content\/uploads\/2019\/10\/candelabro_velas_san_valentin_CUORE.jpg\"><img loading=\"lazy\" decoding=\"async\" class=\"aligncenter size-full wp-image-1026\" alt=\"candelabro_velas_san_valentin_CUORE\" src=\"http:\/\/www.uxban.com\/wp-content\/uploads\/2019\/10\/candelabro_velas_san_valentin_CUORE.jpg\" width=\"600\" height=\"580\" \/><\/a><\/p>\n<p style=\"text-align: center;\">\u00a0<strong>Candelabro en forma de coraz\u00f3n de <\/strong><a href=\"http:\/\/www.velissima.com\/productos\/velas-te\/candelabro-hierro-fundido-forma-corazon\" target=\"_blank\" rel=\"noopener noreferrer\"><strong>Velissima<\/strong>\u00a0<\/a><\/p>\n<p style=\"text-align: left;\">El romanticismo invade el ambiente a trav\u00e9s de este candelabro en forma de coraz\u00f3n. El <strong>efecto que crea es, sin duda, sorprendente y muy original.\u00a0<\/strong><\/p>\n<p><a href=\"http:\/\/www.uxban.com\/wp-content\/uploads\/2019\/10\/vela_corazon_original_san_valentin.jpg\"><img loading=\"lazy\" decoding=\"async\" class=\"aligncenter size-full wp-image-1029\" alt=\"vela_corazon_original_san_valentin\" src=\"http:\/\/www.uxban.com\/wp-content\/uploads\/2019\/10\/vela_corazon_original_san_valentin.jpg\" width=\"600\" height=\"765\" \/><\/a><\/p>\n<p style=\"text-align: center;\"><strong>Vela en forma de coraz\u00f3n de <a href=\"http:\/\/www.velissima.com\/productos\/mas-originales_vela-corazon-con-soporte-hierro\" target=\"_blank\" rel=\"noopener noreferrer\">Velissima<\/a><\/strong><\/p>\n<p style=\"text-align: left;\">Un <strong>toque divertido<\/strong> nunca viene mal en este tipo de veladas. Una vela en forma de coraz\u00f3n es, seguro, un detalles que har\u00e1 m\u00e1s especial si cabe la cena.<\/p>\n<p>&nbsp;<\/p>\n<p><a href=\"http:\/\/www.uxban.com\/wp-content\/uploads\/2019\/10\/vela_flotante.jpg\"><img loading=\"lazy\" decoding=\"async\" class=\"aligncenter size-full wp-image-1030\" alt=\"vela_flotante\" src=\"http:\/\/www.uxban.com\/wp-content\/uploads\/2019\/10\/vela_flotante.jpg\" width=\"600\" height=\"288\" \/><\/a><\/p>\n<p style=\"text-align: center;\">\u00a0<strong>Velas flotantes de <a href=\"http:\/\/aluzza.com.mx\/951906_VELAS-FLOTANTES.html\" target=\"_blank\" rel=\"noopener noreferrer\">Aluzza<\/a><\/strong><\/p>\n<p style=\"text-align: left;\"><strong>Las velas flotantes nunca est\u00e1n de m\u00e1s.<\/strong> El efecto \u00edntimo que son capaces de crear, as\u00ed como la est\u00e9tica que otorgan al ambiente, hacen de este tipo de velas una brillante opci\u00f3n para ofrecer la mejor atm\u00f3sfera.<\/p>\n<p><a href=\"http:\/\/www.uxban.com\/wp-content\/uploads\/2019\/10\/vela_mesa_plata.jpg\"><img loading=\"lazy\" decoding=\"async\" class=\"aligncenter size-full wp-image-1031\" alt=\"vela_mesa_plata\" src=\"http:\/\/www.uxban.com\/wp-content\/uploads\/2019\/10\/vela_mesa_plata.jpg\" width=\"600\" height=\"450\" \/><\/a><\/p>\n<p style=\"text-align: center;\">\u00a0<strong>Vela de mesa en color plata de<a href=\"http:\/\/www.zarahome.com\/webapp\/wcs\/stores\/servlet\/product\/zarahomees\/es\/zarahomees\/806065\/3327835\/Vela%2BMetal%2BGrabados\" target=\"_blank\" rel=\"noopener noreferrer\"> Zara Home<\/a><\/strong><\/p>\n<p style=\"text-align: left;\">Una <strong>vela cl\u00e1sica de mesa en tonos plateados<\/strong> siempre van a ofrecernos un estilo muy sofisticado y elegante a la velada que tenemos preparada. Adem\u00e1s, este tipo de velas podemos emplearlas para otro tipo de ocasi\u00f3n siempre que lo de deseemos.<\/p>\n","protected":false},"excerpt":{"rendered":"<p>La vela es, por excelencia, el elemento protagonista de cualquier noche rom\u00e1ntica. M\u00e1s a\u00fan si de lo que se trata es de celebrar el d\u00eda de los enamorados con una cena especial en casa donde el amor y la seducci\u00f3n son los ingredientes indiscutibles.\u00a0Para ello, recomendamos diferentes opciones, en funci\u00f3n de los gustos y efecto [&hellip;]<\/p>\n","protected":false},"author":4,"featured_media":18033,"comment_status":"open","ping_status":"open","sticky":false,"template":"","format":"standard","meta":{"_et_pb_use_builder":"","_et_pb_old_content":"","_et_gb_content_width":"","footnotes":""},"categories":[10,12,278],"tags":[463,496,497,498,499,500],"class_list":["post-1025","post","type-post","status-publish","format-standard","has-post-thumbnail","hentry","category-noticias","category-portada","category-experiencias-en-casa","tag-mesa","tag-cena-romantica","tag-cena-san-valentin","tag-dia-enamorados","tag-san-valentin","tag-velas"],"acf":[],"_links":{"self":[{"href":"https:\/\/www.uxban.com\/es\/wp-json\/wp\/v2\/posts\/1025","targetHints":{"allow":["GET"]}}],"collection":[{"href":"https:\/\/www.uxban.com\/es\/wp-json\/wp\/v2\/posts"}],"about":[{"href":"https:\/\/www.uxban.com\/es\/wp-json\/wp\/v2\/types\/post"}],"author":[{"embeddable":true,"href":"https:\/\/www.uxban.com\/es\/wp-json\/wp\/v2\/users\/4"}],"replies":[{"embeddable":true,"href":"https:\/\/www.uxban.com\/es\/wp-json\/wp\/v2\/comments?post=1025"}],"version-history":[{"count":1,"href":"https:\/\/www.uxban.com\/es\/wp-json\/wp\/v2\/posts\/1025\/revisions"}],"predecessor-version":[{"id":18056,"href":"https:\/\/www.uxban.com\/es\/wp-json\/wp\/v2\/posts\/1025\/revisions\/18056"}],"wp:featuredmedia":[{"embeddable":true,"href":"https:\/\/www.uxban.com\/es\/wp-json\/wp\/v2\/media\/18033"}],"wp:attachment":[{"href":"https:\/\/www.uxban.com\/es\/wp-json\/wp\/v2\/media?parent=1025"}],"wp:term":[{"taxonomy":"category","embeddable":true,"href":"https:\/\/www.uxban.com\/es\/wp-json\/wp\/v2\/categories?post=1025"},{"taxonomy":"post_tag","embeddable":true,"href":"https:\/\/www.uxban.com\/es\/wp-json\/wp\/v2\/tags?post=1025"}],"curies":[{"name":"wp","href":"https:\/\/api.w.org\/{rel}","templated":true}]}}