{"id":10146,"date":"2018-07-11T14:34:29","date_gmt":"2018-07-11T12:34:29","guid":{"rendered":"https:\/\/www.uxban.com\/blog\/?p=10146"},"modified":"2020-01-21T10:22:18","modified_gmt":"2020-01-21T09:22:18","slug":"tendencias-cocinas-integradas","status":"publish","type":"post","link":"https:\/\/www.uxban.com\/es\/2018\/07\/11\/tendencias-cocinas-integradas\/","title":{"rendered":"Tendencias en Interiorismo: Las Cocinas Integradas"},"content":{"rendered":"<p dir=\"ltr\">No cabe duda que la cocina es el <strong>espacio al que le damos mayor importancia en nuestro hogar<\/strong>. La raz\u00f3n de esto es muy simple, gran parte de las tareas que llevamos a cabo a diario, se desarrollan en ella.<\/p>\n<p dir=\"ltr\">La cocina suele ser el centro en el que todas las personas se re\u00fanen, no importa la ocasi\u00f3n (reuni\u00f3n familiar, cena con amigos, etc) siempre el punto de encuentro ser\u00e1 en este lugar.<\/p>\n<h2 dir=\"ltr\">Dise\u00f1o de cocina tradicional<\/h2>\n<p dir=\"ltr\">Anteriormente, la cocina estaba concebida como un espacio meramente funcional, en el que la manipulaci\u00f3n de alimentos durante la preparaci\u00f3n de las comidas era lo esencial.<\/p>\n<p dir=\"ltr\">Por ende, este espacio estaba delimitado por cuatro paredes y separado del resto de estancias de la casa.<\/p>\n<h2 dir=\"ltr\">Cocinas integradas: Una nueva concepci\u00f3n del espacio<\/h2>\n<p dir=\"ltr\">La transformaci\u00f3n que ha sufrido la cocina en los hogares es trascendental. Ahora, se ha dejado atr\u00e1s el concepto de cocina tradicional, para dar paso a espacios en los que \u00e9sta forma parte del ambiente.<\/p>\n<div id=\"attachment_10152\" style=\"width: 765px\" class=\"wp-caption alignnone\"><a href=\"http:\/\/www.uxban.com\/wp-content\/uploads\/2019\/10\/cocinas-integradas.png\"><img loading=\"lazy\" decoding=\"async\" aria-describedby=\"caption-attachment-10152\" class=\"size-full wp-image-10152\" alt=\"cocinas integradas en el hogar\" src=\"http:\/\/www.uxban.com\/wp-content\/uploads\/2019\/10\/cocinas-integradas.png\" width=\"755\" height=\"526\" \/><\/a><p id=\"caption-attachment-10152\" class=\"wp-caption-text\">Mim Design<\/p><\/div>\n<p dir=\"ltr\">Ahora nos encontramos en un escenario en el que las cocinas integradas o abiertas son la \u00faltima tendencia en decoraci\u00f3n.<\/p>\n<h2 dir=\"ltr\">Ventajas de tener una cocina integrada en tu hogar<\/h2>\n<p dir=\"ltr\">La esencia de la cocina americana es que debe estar integrada a otros espacios del hogar. Un ejemplo lo representa este dise\u00f1o realizado por el estudio <a href=\"http:\/\/www.mimdesign.com.au\/profile\/\" target=\"_blank\" rel=\"noopener noreferrer\">Mim Design<\/a> en el que se integra la cocina al sal\u00f3n.<\/p>\n<div id=\"attachment_10153\" style=\"width: 854px\" class=\"wp-caption alignnone\"><a href=\"http:\/\/www.uxban.com\/wp-content\/uploads\/2019\/10\/cocinas-integradas-salon.png\"><img loading=\"lazy\" decoding=\"async\" aria-describedby=\"caption-attachment-10153\" class=\"size-full wp-image-10153\" alt=\"cocinas integradas al sal\u00f3n de la casa \" src=\"http:\/\/www.uxban.com\/wp-content\/uploads\/2019\/10\/cocinas-integradas-salon.png\" width=\"844\" height=\"525\" \/><\/a><p id=\"caption-attachment-10153\" class=\"wp-caption-text\">Mim Design<\/p><\/div>\n<p dir=\"ltr\">Entre las principales ventajas de las cocinas integradas tenemos:<\/p>\n<h3 dir=\"ltr\">Mayor sensaci\u00f3n de amplitud<\/h3>\n<p dir=\"ltr\">Al no estar delimitada por paredes, da mayor sensaci\u00f3n de continuidad a en los espacios. Una opci\u00f3n que ofrece muchas ventajas para los espacios peque\u00f1os.<\/p>\n<h3 dir=\"ltr\">Mayor luminosidad<\/h3>\n<p dir=\"ltr\">Precisamente por su integraci\u00f3n, la luz natural que entra al sal\u00f3n se aprovecha en mayor medida.<\/p>\n<h3 dir=\"ltr\">Dise\u00f1o moderno<\/h3>\n<p dir=\"ltr\">Si lo que buscamos en nuestro hogar es un dise\u00f1o m\u00e1s cosmopolita, los open space son los que dar\u00e1n el toque moderno.<\/p>\n<h3 dir=\"ltr\">Comunicaci\u00f3n<\/h3>\n<p dir=\"ltr\">Con este estilo de cocina, ya no nos sentiremos excluidos al momento de invitar amigos o familiares en casa, porque estaremos al tanto de lo que est\u00e1 ocurriendo.<\/p>\n<p dir=\"ltr\">\u00bfConoces m\u00e1s ventajas? \u00a1Comenta!<\/p>\n<h2 dir=\"ltr\">M\u00e1s ideas de dise\u00f1o de cocinas en el hogar<\/h2>\n<p><a href=\"https:\/\/www.uxban.com\/blog\/2018\/04\/02\/barra-isla-de-cocina-o-combinacion-de-ambas-cual-es-la-mejor-opcion\/\">Barra, Isla de Cocina o las dos \u00bfCu\u00e1l es la Mejor Opci\u00f3n?<\/a><\/p>\n<p><a href=\"https:\/\/www.uxban.com\/blog\/2017\/08\/29\/ventajas-de-las-cocinas-de-color-azul-en-tu-hogar\/\">Ventajas de las Cocinas de Color Azul en tu Hogar<\/a><\/p>\n<p><a href=\"https:\/\/www.uxban.com\/blog\/2017\/05\/26\/cocina-y-salon-un-dos-en-uno-con-un-estilo-minimalista-ideal\/\">Cocina y Sal\u00f3n, un Dos en Uno con un Estilo Minimalista Ideal<\/a><\/p>\n<p><a href=\"https:\/\/www.uxban.com\/blog\/2017\/04\/04\/como-crear-un-estilo-campestre-en-la-cocina\/\">\u00bfC\u00f3mo Crear un Estilo Campestre en la Cocina?<\/a><\/p>\n<p>&nbsp;<\/p>\n","protected":false},"excerpt":{"rendered":"<p>No cabe duda que la cocina es el espacio al que le damos mayor importancia en nuestro hogar. La raz\u00f3n de esto es muy simple, gran parte de las tareas que llevamos a cabo a diario, se desarrollan en ella. La cocina suele ser el centro en el que todas las personas se re\u00fanen, no [&hellip;]<\/p>\n","protected":false},"author":9,"featured_media":11713,"comment_status":"open","ping_status":"open","sticky":false,"template":"","format":"standard","meta":{"_et_pb_use_builder":"","_et_pb_old_content":"","_et_gb_content_width":"","footnotes":""},"categories":[10,12,18],"tags":[68,294,513],"class_list":["post-10146","post","type-post","status-publish","format-standard","has-post-thumbnail","hentry","category-noticias","category-portada","category-interiorismo","tag-interiorismo-2","tag-diseno","tag-cocina"],"acf":[],"_links":{"self":[{"href":"https:\/\/www.uxban.com\/es\/wp-json\/wp\/v2\/posts\/10146","targetHints":{"allow":["GET"]}}],"collection":[{"href":"https:\/\/www.uxban.com\/es\/wp-json\/wp\/v2\/posts"}],"about":[{"href":"https:\/\/www.uxban.com\/es\/wp-json\/wp\/v2\/types\/post"}],"author":[{"embeddable":true,"href":"https:\/\/www.uxban.com\/es\/wp-json\/wp\/v2\/users\/9"}],"replies":[{"embeddable":true,"href":"https:\/\/www.uxban.com\/es\/wp-json\/wp\/v2\/comments?post=10146"}],"version-history":[{"count":1,"href":"https:\/\/www.uxban.com\/es\/wp-json\/wp\/v2\/posts\/10146\/revisions"}],"predecessor-version":[{"id":11715,"href":"https:\/\/www.uxban.com\/es\/wp-json\/wp\/v2\/posts\/10146\/revisions\/11715"}],"wp:featuredmedia":[{"embeddable":true,"href":"https:\/\/www.uxban.com\/es\/wp-json\/wp\/v2\/media\/11713"}],"wp:attachment":[{"href":"https:\/\/www.uxban.com\/es\/wp-json\/wp\/v2\/media?parent=10146"}],"wp:term":[{"taxonomy":"category","embeddable":true,"href":"https:\/\/www.uxban.com\/es\/wp-json\/wp\/v2\/categories?post=10146"},{"taxonomy":"post_tag","embeddable":true,"href":"https:\/\/www.uxban.com\/es\/wp-json\/wp\/v2\/tags?post=10146"}],"curies":[{"name":"wp","href":"https:\/\/api.w.org\/{rel}","templated":true}]}}