{"id":10139,"date":"2018-07-09T14:45:24","date_gmt":"2018-07-09T12:45:24","guid":{"rendered":"https:\/\/www.uxban.com\/blog\/?p=10139"},"modified":"2020-01-21T10:22:18","modified_gmt":"2020-01-21T09:22:18","slug":"sofa-modular-verano","status":"publish","type":"post","link":"https:\/\/www.uxban.com\/es\/2018\/07\/09\/sofa-modular-verano\/","title":{"rendered":"Sof\u00e1 Modular Ideal para tus Tardes de Verano"},"content":{"rendered":"<p dir=\"ltr\">Los <strong>espacios outdoor<\/strong> cobran protagonismo en esta temporada en la que reinan los d\u00edas soleados. Poder contar con una terraza o jard\u00edn ser\u00e1 un motivo m\u00e1s para disfrutar de momentos de ocio con familiares y amigos.<\/p>\n<p dir=\"ltr\">Como hemos indicado en post anterior, el mobiliario que tengamos en estos espacios ser\u00e1 fundamental para aprovechar de esta \u00e9poca estival.<\/p>\n<p dir=\"ltr\">Los <a href=\"https:\/\/www.uxban.com\/blog\/2018\/05\/21\/mobiliario-moderno-para-disfrutar-jardin-terraza\/\">sof\u00e1s colgantes<\/a> suelen ser un gran atractivo, pero limitan la cantidad de personas que pueden sentarse en ellos.<\/p>\n<p dir=\"ltr\">Por ello, queremos mostrar este tipo de mobiliario que sin duda, har\u00e1 que todos tus invitados quieran pasar sus tardes en tu jard\u00edn.<\/p>\n<h2 dir=\"ltr\">Sof\u00e1s modulares para tus tardes de verano<\/h2>\n<p dir=\"ltr\">Se trata de Mosa\u00efque, un sof\u00e1 modular dise\u00f1ado por Piero Lissoni para la firma <a href=\"http:\/\/www.depadova.com\/\" target=\"_blank\" rel=\"noopener noreferrer\">De Padova<\/a>. En su lema describe que es un sistema modular que permite \u201credise\u00f1ar el concepto de hospitalidad y relajaci\u00f3n de acuerdo con sus h\u00e1bitos, creatividad y espacios, sin sacrificar la comodidad de estar sentado\u201d.<\/p>\n<div id=\"attachment_10141\" style=\"width: 2010px\" class=\"wp-caption alignnone\"><a href=\"http:\/\/www.uxban.com\/wp-content\/uploads\/2019\/10\/20171121-9490-depadova-divani-mosaique-corpo3-2000x1000.jpg\"><img loading=\"lazy\" decoding=\"async\" aria-describedby=\"caption-attachment-10141\" class=\"size-full wp-image-10141\" alt=\"sofa modular para el verano\" src=\"http:\/\/www.uxban.com\/wp-content\/uploads\/2019\/10\/20171121-9490-depadova-divani-mosaique-corpo3-2000x1000.jpg\" width=\"2000\" height=\"1000\" \/><\/a><p id=\"caption-attachment-10141\" class=\"wp-caption-text\">De Padova<\/p><\/div>\n<p>&nbsp;<\/p>\n<p dir=\"ltr\">La versatilidad de este sof\u00e1, diferentes medidas de los m\u00f3dulos y longitud, permite que podamos adaptarlo a nuestras necesidades. Puede estar apoyado contra la pared o convertirlo en una isla con respaldos y brazos.<\/p>\n<p dir=\"ltr\">Y lo mejor de todo, es que tambi\u00e9n luce en el interior de nuestro hogar \u00a1Una gran opci\u00f3n!<\/p>\n<div id=\"attachment_10142\" style=\"width: 1210px\" class=\"wp-caption alignnone\"><a href=\"http:\/\/www.uxban.com\/wp-content\/uploads\/2019\/10\/mosaique_de-padova-3.l.jpg\"><img loading=\"lazy\" decoding=\"async\" aria-describedby=\"caption-attachment-10142\" class=\"size-full wp-image-10142\" alt=\"sofa modular interior hogar \" src=\"http:\/\/www.uxban.com\/wp-content\/uploads\/2019\/10\/mosaique_de-padova-3.l.jpg\" width=\"1200\" height=\"1200\" \/><\/a><p id=\"caption-attachment-10142\" class=\"wp-caption-text\">De Padova<\/p><\/div>\n<h2 dir=\"ltr\">Ventajas de un sof\u00e1 modular<\/h2>\n<h3 dir=\"ltr\">Versatilidad y funcionalidad<\/h3>\n<p dir=\"ltr\">Las piezas individuales que los conforman permiten que puedan adaptarse a cualquier espacio.<\/p>\n<h3 dir=\"ltr\">Comodidad y estilo<\/h3>\n<p dir=\"ltr\">La uni\u00f3n de sus m\u00f3dulos permite alcanzar el descanso ideal para las tardes de descanso y aportan gran estilo para tu jard\u00edn o estancia.<\/p>\n<h3 dir=\"ltr\">Adaptar a tu gusto<\/h3>\n<p dir=\"ltr\">Poder adaptar la disposici\u00f3n y longitud de un sof\u00e1 resulta un plus para cualquiera.<\/p>\n<h2>Otras ideas para los espacios de exterior<\/h2>\n<p><a href=\"https:\/\/www.uxban.com\/blog\/2017\/06\/09\/iluminacion-con-estilo-para-los-espacios-de-exterior\/\">Iluminaci\u00f3n con Estilo para los Espacios de Exterior<\/a><\/p>\n<p><a href=\"https:\/\/www.uxban.com\/blog\/2017\/05\/31\/como-preparar-el-jardin-o-terraza-para-este-verano\/\">\u00bfC\u00f3mo preparar el jard\u00edn o terraza para este verano?<\/a><\/p>\n<p><a href=\"https:\/\/www.uxban.com\/blog\/2016\/04\/05\/muebles-y-decoracion-con-palets-para-tu-terraza-o-jardin\/\">Muebles y Decoraci\u00f3n con Palets para tu Terraza o Jard\u00edn<\/a><\/p>\n<p><a href=\"https:\/\/www.uxban.com\/blog\/2014\/04\/07\/un-sillon-circular-colgante-para-terrazas-con-clase\/\">Un Sill\u00f3n Circular Colgante para Terrazas con Clase<\/a><\/p>\n<p>&nbsp;<\/p>\n","protected":false},"excerpt":{"rendered":"<p>Los espacios outdoor cobran protagonismo en esta temporada en la que reinan los d\u00edas soleados. Poder contar con una terraza o jard\u00edn ser\u00e1 un motivo m\u00e1s para disfrutar de momentos de ocio con familiares y amigos. Como hemos indicado en post anterior, el mobiliario que tengamos en estos espacios ser\u00e1 fundamental para aprovechar de esta [&hellip;]<\/p>\n","protected":false},"author":9,"featured_media":11716,"comment_status":"open","ping_status":"open","sticky":false,"template":"","format":"standard","meta":{"_et_pb_use_builder":"","_et_pb_old_content":"","_et_gb_content_width":"","footnotes":""},"categories":[10,12,1523],"tags":[551,601,1362],"class_list":["post-10139","post","type-post","status-publish","format-standard","has-post-thumbnail","hentry","category-noticias","category-portada","category-jardines-o-terrazas","tag-sofa","tag-mobiliario","tag-verano"],"acf":[],"_links":{"self":[{"href":"https:\/\/www.uxban.com\/es\/wp-json\/wp\/v2\/posts\/10139","targetHints":{"allow":["GET"]}}],"collection":[{"href":"https:\/\/www.uxban.com\/es\/wp-json\/wp\/v2\/posts"}],"about":[{"href":"https:\/\/www.uxban.com\/es\/wp-json\/wp\/v2\/types\/post"}],"author":[{"embeddable":true,"href":"https:\/\/www.uxban.com\/es\/wp-json\/wp\/v2\/users\/9"}],"replies":[{"embeddable":true,"href":"https:\/\/www.uxban.com\/es\/wp-json\/wp\/v2\/comments?post=10139"}],"version-history":[{"count":1,"href":"https:\/\/www.uxban.com\/es\/wp-json\/wp\/v2\/posts\/10139\/revisions"}],"predecessor-version":[{"id":11718,"href":"https:\/\/www.uxban.com\/es\/wp-json\/wp\/v2\/posts\/10139\/revisions\/11718"}],"wp:featuredmedia":[{"embeddable":true,"href":"https:\/\/www.uxban.com\/es\/wp-json\/wp\/v2\/media\/11716"}],"wp:attachment":[{"href":"https:\/\/www.uxban.com\/es\/wp-json\/wp\/v2\/media?parent=10139"}],"wp:term":[{"taxonomy":"category","embeddable":true,"href":"https:\/\/www.uxban.com\/es\/wp-json\/wp\/v2\/categories?post=10139"},{"taxonomy":"post_tag","embeddable":true,"href":"https:\/\/www.uxban.com\/es\/wp-json\/wp\/v2\/tags?post=10139"}],"curies":[{"name":"wp","href":"https:\/\/api.w.org\/{rel}","templated":true}]}}